{"id":978,"date":"2017-03-17T11:56:46","date_gmt":"2017-03-17T10:56:46","guid":{"rendered":"http:\/\/www.okm.org.pl\/?p=978"},"modified":"2017-04-27T19:42:39","modified_gmt":"2017-04-27T18:42:39","slug":"rajd-o-kropelce-edycja-2017","status":"publish","type":"post","link":"https:\/\/www.okm.org.pl\/?p=978","title":{"rendered":"Rajd O Kropelce Edycja 2017"},"content":{"rendered":"<p class=\"Standard\" style=\"text-align: center;\"><a href=\"https:\/\/www.okm.org.pl\/wp-content\/uploads\/2017\/03\/rajd-o-kropelce-kopia.jpg\" target=\"_blank\" rel=\"noopener noreferrer\"><img loading=\"lazy\" decoding=\"async\" class=\"aligncenter wp-image-993 size-medium\" src=\"https:\/\/www.okm.org.pl\/wp-content\/uploads\/2017\/03\/rajd-o-kropelce-kopia-212x300.jpg\" alt=\"\" width=\"212\" height=\"300\" srcset=\"https:\/\/www.okm.org.pl\/wp-content\/uploads\/2017\/03\/rajd-o-kropelce-kopia-212x300.jpg 212w, https:\/\/www.okm.org.pl\/wp-content\/uploads\/2017\/03\/rajd-o-kropelce-kopia.jpg 566w\" sizes=\"auto, (max-width: 212px) 100vw, 212px\" \/><\/a><\/p>\n<p class=\"Standard\">A czy Ty umiesz je\u017adzi\u0107 eco?<\/p>\n<p class=\"Standard\">\u00a0Je\u015bli uwa\u017casz, \u017ce potrafisz je\u017adzi\u0107 ekonomicznie &#8211; sta\u0144 do rywalizacji. 22 kwietnia Olszty\u0144ski Klub Motorowy im. Mariana Bublewicza organizuje kolejn\u0105 edycj\u0119 Ekologicznej Konkursowej Jazdy Oszcz\u0119dno\u015bciowej \u2013 Rajd o Kropelce o Puchar Dyrektora WORD w Olsztynie.<!--more--> Kto w niej zwyci\u0119\u017cy? Za\u0142oga, kt\u00f3rej uda si\u0119 w jak najwi\u0119kszym stopniu zbli\u017cy\u0107, albo i poprawi\u0107 wynik fabrycznych danych spalania pojazdu, kt\u00f3rym wystartuje w imprezie. Ka\u017cdy pojazd startuje wi\u0119c z r\u00f3wnymi szansami.<\/p>\n<p class=\"Standard\">Impreza ma promowa\u0107 ekonomiczny styl jazdy, kt\u00f3ry tym samym wymusza jazd\u0119 z poszanowaniem przepis\u00f3w, czyli jazd\u0119 bezpieczn\u0105.<\/p>\n<p class=\"Standard\">Trasa b\u0119dzie liczy\u0107 oko\u0142o 120 km urokliwymi zak\u0105tkami Warmii i Mazur. Do konkursu mo\u017ce przyst\u0105pi\u0107 ka\u017cdy samoch\u00f3d dopuszczony do ruchu drogowego w fabrycznej specyfikacji. Auta b\u0119d\u0105 rywalizowa\u0107 w dw\u00f3ch kategoriach: pojazdy historyczne (do roku produkcji 1991 w\u0142\u0105cznie) oraz pojazdy wsp\u00f3\u0142czesne. Przed startem ka\u017cda za\u0142oga, pod nadzorem s\u0119dzi\u00f3w, precyzyjnie dotankuje i zabezpieczy przed ponownym otwarciem zbiornik paliwa. Tras\u0119 rajdu, wedle otrzymanej mapy, nale\u017cy pokona\u0107 w wyznaczonym czasie. Na mecie pojazdy b\u0119d\u0105 precyzyjnie dotankowywane. Wygra za\u0142oga, kt\u00f3ra (licz\u0105c procentowo) uzyska najni\u017cszy wynik spalania w odniesieniu do danych fabrycznych dla modelu, kt\u00f3rym wystartuje. Konkurs i sam przebieg trasy nie dyskryminuj\u0105 zatem pojazd\u00f3w ci\u0119\u017ckich, starszych generacji oraz z du\u017cymi silnikami &#8211; punktem odniesienia s\u0119dzi\u00f3w s\u0105 bowiem fabryczne dane dla twojego samochodu. Liczy si\u0119 styl jazdy i samoch\u00f3d zadbany od strony mechanicznej.<\/p>\n<p class=\"Standard\">\u00a0Start: stacja Orlen, ul. Warszawska, godz. 10<\/p>\n<p class=\"Standard\">Wpisowe wynosi 40 z\u0142\/za\u0142oga dla cz\u0142onk\u00f3w OKM. Dla pozosta\u0142ych uczestnik\u00f3w b\u0119d\u0105cych osobami prywatnymi &#8211; 50 z\u0142\/za\u0142oga. Dla przedstawicieli diler\u00f3w marek samochodowych &#8211; 80 z\u0142\/za\u0142oga.<\/p>\n<p class=\"Standard\">Wpisowe nale\u017cy przela\u0107 na konto klubu: <span style=\"color: black;\">59 1750 0009 0000 0000 3060 5055<\/span> z dopiskiem: Eko, imi\u0119 i nazwisko<\/p>\n<p class=\"Standard\"><span style=\"font-size: 12pt;\"><b>Ostateczny termin zg\u0142osze\u0144 up\u0142ywa 19 kwietnia 2017<\/b><\/span><\/p>\n<p class=\"Standard\">Przebieg imprezy:<\/p>\n<p class=\"Standard\">9.30 &#8211; zamkni\u0119cie listy startowej<br \/>\n10.00 &#8211; odprawa za\u0142\u00f3g<br \/>\n10.30 &#8211; tankowanie i start pierwszej za\u0142ogi<\/p>\n<p class=\"Standard\">Kolejne za\u0142ogi startuj\u0105 po procedurze dotankowania<\/p>\n<p class=\"Standard\">12.30 &#8211; spodziewany przyjazd pierwszej za\u0142ogi pod dystrybutor tankowania<br \/>\n13.30 &#8211; spodziewany przyjazd ostatniej za\u0142ogi<br \/>\n14.30 &#8211; spodziewane og\u0142oszenie wynik\u00f3w, wr\u0119czenie puchar\u00f3w i dyplom\u00f3w<\/p>\n<p class=\"Standard\">Organizator przewidzia\u0142 puchary dla pierwszych trzech za\u0142\u00f3g w dw\u00f3ch kategoriach: klasyki i pojazdy wsp\u00f3\u0142czesne (puchar dla pilota i kierowcy), a tak\u017ce nagrody rzeczowe. Pozostali uczestnicy otrzymuj\u0105 pami\u0105tkowe dyplomy.<\/p>\n<p>&nbsp;<\/p>\n<p><span style=\"font-size: 18pt; color: #ff0000;\"><a style=\"color: #ff0000;\" href=\"https:\/\/www.okm.org.pl\/wp-content\/uploads\/2017\/03\/regulamin_kropelka.pdf\" target=\"_blank\" rel=\"noopener noreferrer\">Regulamin imprezy (klik)<\/a><\/span><\/p>\n<p>Poni\u017cej pe\u0142na klasyfikacja uczestnik\u00f3w.<\/p>\n<p><a href=\"https:\/\/www.okm.org.pl\/wp-content\/uploads\/2017\/03\/20170422_102614.jpg\"><img loading=\"lazy\" decoding=\"async\" class=\"aligncenter size-medium wp-image-1013\" src=\"https:\/\/www.okm.org.pl\/wp-content\/uploads\/2017\/03\/20170422_102614-300x169.jpg\" alt=\"\" width=\"300\" height=\"169\" srcset=\"https:\/\/www.okm.org.pl\/wp-content\/uploads\/2017\/03\/20170422_102614-300x169.jpg 300w, https:\/\/www.okm.org.pl\/wp-content\/uploads\/2017\/03\/20170422_102614-768x432.jpg 768w, https:\/\/www.okm.org.pl\/wp-content\/uploads\/2017\/03\/20170422_102614-1024x576.jpg 1024w, https:\/\/www.okm.org.pl\/wp-content\/uploads\/2017\/03\/20170422_102614-460x260.jpg 460w\" sizes=\"auto, (max-width: 300px) 100vw, 300px\" \/><\/a><\/p>\n<p><a href=\"https:\/\/www.okm.org.pl\/wp-content\/uploads\/2017\/03\/kropelka2017.jpg\"><img loading=\"lazy\" decoding=\"async\" class=\"aligncenter wp-image-1012 size-large\" src=\"https:\/\/www.okm.org.pl\/wp-content\/uploads\/2017\/03\/kropelka2017-1024x625.jpg\" alt=\"\" width=\"700\" height=\"427\" srcset=\"https:\/\/www.okm.org.pl\/wp-content\/uploads\/2017\/03\/kropelka2017-1024x625.jpg 1024w, https:\/\/www.okm.org.pl\/wp-content\/uploads\/2017\/03\/kropelka2017-300x183.jpg 300w, https:\/\/www.okm.org.pl\/wp-content\/uploads\/2017\/03\/kropelka2017-768x469.jpg 768w, https:\/\/www.okm.org.pl\/wp-content\/uploads\/2017\/03\/kropelka2017.jpg 1403w\" sizes=\"auto, (max-width: 700px) 100vw, 700px\" \/><\/a><\/p>\n<p>&nbsp;<\/p>\n<p>&nbsp;<\/p>\n","protected":false},"excerpt":{"rendered":"<p>A czy Ty umiesz je\u017adzi\u0107 eco? \u00a0Je\u015bli uwa\u017casz, \u017ce potrafisz je\u017adzi\u0107 ekonomicznie &#8211; sta\u0144 do rywalizacji. 22 kwietnia Olszty\u0144ski Klub Motorowy im. Mariana Bublewicza organizuje kolejn\u0105 edycj\u0119 Ekologicznej Konkursowej Jazdy Oszcz\u0119dno\u015bciowej \u2013 Rajd o Kropelce o Puchar Dyrektora WORD w Olsztynie.<\/p>\n","protected":false},"author":1,"featured_media":993,"comment_status":"closed","ping_status":"closed","sticky":false,"template":"","format":"standard","meta":{"ngg_post_thumbnail":0,"footnotes":""},"categories":[2],"tags":[],"class_list":["post-978","post","type-post","status-publish","format-standard","has-post-thumbnail","hentry","category-aktualnosci"],"_links":{"self":[{"href":"https:\/\/www.okm.org.pl\/index.php?rest_route=\/wp\/v2\/posts\/978","targetHints":{"allow":["GET"]}}],"collection":[{"href":"https:\/\/www.okm.org.pl\/index.php?rest_route=\/wp\/v2\/posts"}],"about":[{"href":"https:\/\/www.okm.org.pl\/index.php?rest_route=\/wp\/v2\/types\/post"}],"author":[{"embeddable":true,"href":"https:\/\/www.okm.org.pl\/index.php?rest_route=\/wp\/v2\/users\/1"}],"replies":[{"embeddable":true,"href":"https:\/\/www.okm.org.pl\/index.php?rest_route=%2Fwp%2Fv2%2Fcomments&post=978"}],"version-history":[{"count":11,"href":"https:\/\/www.okm.org.pl\/index.php?rest_route=\/wp\/v2\/posts\/978\/revisions"}],"predecessor-version":[{"id":1014,"href":"https:\/\/www.okm.org.pl\/index.php?rest_route=\/wp\/v2\/posts\/978\/revisions\/1014"}],"wp:featuredmedia":[{"embeddable":true,"href":"https:\/\/www.okm.org.pl\/index.php?rest_route=\/wp\/v2\/media\/993"}],"wp:attachment":[{"href":"https:\/\/www.okm.org.pl\/index.php?rest_route=%2Fwp%2Fv2%2Fmedia&parent=978"}],"wp:term":[{"taxonomy":"category","embeddable":true,"href":"https:\/\/www.okm.org.pl\/index.php?rest_route=%2Fwp%2Fv2%2Fcategories&post=978"},{"taxonomy":"post_tag","embeddable":true,"href":"https:\/\/www.okm.org.pl\/index.php?rest_route=%2Fwp%2Fv2%2Ftags&post=978"}],"curies":[{"name":"wp","href":"https:\/\/api.w.org\/{rel}","templated":true}]}}