{"id":917,"date":"2017-02-06T20:28:00","date_gmt":"2017-02-06T19:28:00","guid":{"rendered":"http:\/\/www.okm.org.pl\/?p=917"},"modified":"2017-02-15T16:09:09","modified_gmt":"2017-02-15T15:09:09","slug":"przejazd-pamieci-mariana-bublewicza","status":"publish","type":"post","link":"https:\/\/www.okm.org.pl\/?p=917","title":{"rendered":"Przejazd pami\u0119ci Mariana Bublewicza"},"content":{"rendered":"<p><a href=\"https:\/\/www.okm.org.pl\/wp-content\/uploads\/2017\/02\/16299331_1863843813859612_906717292925257094_n.png\" target=\"_blank\"><img loading=\"lazy\" decoding=\"async\" class=\"aligncenter wp-image-918 size-full\" src=\"https:\/\/www.okm.org.pl\/wp-content\/uploads\/2017\/02\/16299331_1863843813859612_906717292925257094_n.png\" width=\"828\" height=\"315\" srcset=\"https:\/\/www.okm.org.pl\/wp-content\/uploads\/2017\/02\/16299331_1863843813859612_906717292925257094_n.png 828w, https:\/\/www.okm.org.pl\/wp-content\/uploads\/2017\/02\/16299331_1863843813859612_906717292925257094_n-300x114.png 300w, https:\/\/www.okm.org.pl\/wp-content\/uploads\/2017\/02\/16299331_1863843813859612_906717292925257094_n-768x292.png 768w\" sizes=\"auto, (max-width: 828px) 100vw, 828px\" \/><\/a>Zapraszamy wszystkich jak co roku na przejazd pami\u0119ci Mariana Bublewicza. Tradycyjnie wyruszymy z olszty\u0144skiej star\u00f3wki 20 lutego o godz. 12:00<!--more--><\/p>\n<p>fot. w grafice: Grzegorz Chy\u0142a<\/p>\n","protected":false},"excerpt":{"rendered":"<p>Zapraszamy wszystkich jak co roku na przejazd pami\u0119ci Mariana Bublewicza. Tradycyjnie wyruszymy z olszty\u0144skiej star\u00f3wki 20 lutego o godz. 12:00<\/p>\n","protected":false},"author":1,"featured_media":87,"comment_status":"closed","ping_status":"closed","sticky":false,"template":"","format":"standard","meta":{"ngg_post_thumbnail":0,"footnotes":""},"categories":[2],"tags":[],"class_list":["post-917","post","type-post","status-publish","format-standard","has-post-thumbnail","hentry","category-aktualnosci"],"_links":{"self":[{"href":"https:\/\/www.okm.org.pl\/index.php?rest_route=\/wp\/v2\/posts\/917","targetHints":{"allow":["GET"]}}],"collection":[{"href":"https:\/\/www.okm.org.pl\/index.php?rest_route=\/wp\/v2\/posts"}],"about":[{"href":"https:\/\/www.okm.org.pl\/index.php?rest_route=\/wp\/v2\/types\/post"}],"author":[{"embeddable":true,"href":"https:\/\/www.okm.org.pl\/index.php?rest_route=\/wp\/v2\/users\/1"}],"replies":[{"embeddable":true,"href":"https:\/\/www.okm.org.pl\/index.php?rest_route=%2Fwp%2Fv2%2Fcomments&post=917"}],"version-history":[{"count":5,"href":"https:\/\/www.okm.org.pl\/index.php?rest_route=\/wp\/v2\/posts\/917\/revisions"}],"predecessor-version":[{"id":932,"href":"https:\/\/www.okm.org.pl\/index.php?rest_route=\/wp\/v2\/posts\/917\/revisions\/932"}],"wp:featuredmedia":[{"embeddable":true,"href":"https:\/\/www.okm.org.pl\/index.php?rest_route=\/wp\/v2\/media\/87"}],"wp:attachment":[{"href":"https:\/\/www.okm.org.pl\/index.php?rest_route=%2Fwp%2Fv2%2Fmedia&parent=917"}],"wp:term":[{"taxonomy":"category","embeddable":true,"href":"https:\/\/www.okm.org.pl\/index.php?rest_route=%2Fwp%2Fv2%2Fcategories&post=917"},{"taxonomy":"post_tag","embeddable":true,"href":"https:\/\/www.okm.org.pl\/index.php?rest_route=%2Fwp%2Fv2%2Ftags&post=917"}],"curies":[{"name":"wp","href":"https:\/\/api.w.org\/{rel}","templated":true}]}}