{"id":747,"date":"2016-09-21T20:08:34","date_gmt":"2016-09-21T19:08:34","guid":{"rendered":"http:\/\/www.okm.org.pl\/?p=747"},"modified":"2016-10-12T12:51:42","modified_gmt":"2016-10-12T11:51:42","slug":"zakonczenie-sezonu-piatego-piekne-klasyki-na-warmii","status":"publish","type":"post","link":"https:\/\/www.okm.org.pl\/?p=747","title":{"rendered":"Zako\u0144czenie sezonu pi\u0105tego Pi\u0119kne Klasyki Na Warmii &#8211; Bal Komandorski"},"content":{"rendered":"<p><a href=\"https:\/\/www.okm.org.pl\/wp-content\/uploads\/2016\/09\/1zakon5.jpg\" target=\"_blank\"><img loading=\"lazy\" decoding=\"async\" class=\"alignleft wp-image-751 size-medium\" src=\"https:\/\/www.okm.org.pl\/wp-content\/uploads\/2016\/09\/1zakon5-300x204.jpg\" alt=\"1zakon5\" width=\"300\" height=\"204\" srcset=\"https:\/\/www.okm.org.pl\/wp-content\/uploads\/2016\/09\/1zakon5-300x204.jpg 300w, https:\/\/www.okm.org.pl\/wp-content\/uploads\/2016\/09\/1zakon5-768x522.jpg 768w, https:\/\/www.okm.org.pl\/wp-content\/uploads\/2016\/09\/1zakon5.jpg 1011w\" sizes=\"auto, (max-width: 300px) 100vw, 300px\" \/><\/a><a href=\"https:\/\/www.okm.org.pl\/wp-content\/uploads\/2016\/09\/2zakon5.jpg\" target=\"_blank\"><img loading=\"lazy\" decoding=\"async\" class=\"wp-image-752 size-medium alignright\" src=\"https:\/\/www.okm.org.pl\/wp-content\/uploads\/2016\/09\/2zakon5-300x204.jpg\" alt=\"2zakon5\" width=\"300\" height=\"204\" srcset=\"https:\/\/www.okm.org.pl\/wp-content\/uploads\/2016\/09\/2zakon5-300x204.jpg 300w, https:\/\/www.okm.org.pl\/wp-content\/uploads\/2016\/09\/2zakon5-768x523.jpg 768w, https:\/\/www.okm.org.pl\/wp-content\/uploads\/2016\/09\/2zakon5.jpg 1014w\" sizes=\"auto, (max-width: 300px) 100vw, 300px\" \/><\/a><\/p>\n<p>&nbsp;<\/p>\n<p>&nbsp;<\/p>\n<p>&nbsp;<\/p>\n<p>&nbsp;<\/p>\n<p>&nbsp;<\/p>\n<p>Ju\u017c teraz chcemy Was zaprosi\u0107 na pi\u0105te, jubileuszowe zako\u0144czenie sezonu Pi\u0119kne Klasyki Na Warmii. Spotykamy si\u0119 przy magazynie solnym olszty\u0144skiego zamku dnia 15 pa\u017adziernika 2016r. Tradycyjnie imprez\u0119 uatrakcyjni\u0105 nam artystycznie<br \/>\nwystawy:<br \/>\nmalarstwa &#8211; Antoniego Letkiego oraz Krzysztofa Tanajewskiego,<br \/>\nfotografii &#8211; Adriana Banacha, Artura Kusto i Kazimierza \u015awierczy\u0144skiego.<\/p>\n<p>Prosimy o przybycie max ok godziny 11 aby\u015bmy byli ju\u017c ustawieni samochodami na czas rozpocz\u0119cia imprezy.<\/p>\n<p>O godz. 20, a wi\u0119c cztery godziny po zako\u0144czeniu wystawy, spotkamy si\u0119 w restauracji Villa Pallas przy ul.\u017bo\u0142nierskiej 4. Wynaj\u0119li\u015bmy sal\u0119, zam\u00f3wili\u015bmy menu oraz DJ-a. I muzyk\u0119, i stroje, proponujemy w klimacie naszych pojazd\u00f3w \u2013 wyci\u0105gaj\u0105c \u015bredni\u0105 wiekow\u0105 \u2013 prze\u0142om lat 70. i 80.<\/p>\n<p>A oto szczeg\u00f3\u0142y:<\/p>\n<p>Bal przewidziany jest dla cz\u0142onk\u00f3w OKM oraz sympatyk\u00f3w klubu i pi\u0119knych klasyk\u00f3w. Zapraszamy zar\u00f3wno naszych koleg\u00f3w ze swymi partnerkami, jak i nasze kole\u017canki ze swymi partnerami. No i singli obojga p\u0142ci &#x1f642;<br \/>\n<span class=\"null\">\u0141\u0105cznie koszt imprezy to 130 z\u0142 za osob\u0119 z alkoholem i napojami zimnymi<br \/>\nCh\u0119tnych prosimy o potwierdzenie udzia\u0142u poprzez wp\u0142acenie ww. kwoty na konto klubu OKM nr 44105017641000009200816602 z dopiskiem: bal, imi\u0119 i nazwisko. oraz wype\u0142nienie<a href=\"https:\/\/docs.google.com\/forms\/d\/e\/1FAIpQLScLDqcrxNvhq9iWWrPJYpJUQ6fvDrGBavgEv08BhOiE5lRj1g\/viewform\" target=\"_blank\"> formularza zg\u0142oszeniowego (klik)<\/a> widocznego na dole tej strony. Ostateczny termin zg\u0142osze\u0144 to 10 Pa\u017adziernik.<\/span><\/p>\n<p>Dla os\u00f3b z poza Olsztyna istnieje mo\u017cliwo\u015b\u0107 noclegu w hotelu<br \/>\nPok\u00f3j 2-os ze \u015bniadaniem -185 z\u0142\/doba<br \/>\nBez \u015bniadania- 120 z\u0142\/doba<br \/>\nParking-gratis.<\/p>\n<p>Restauracja proponuje nam takie oto menu:<\/p>\n<p><strong>Serwowane:<\/strong><br \/>\nCiastko francuskie z musem z pstr\u0105ga<\/p>\n<p><strong>Serwowane:<\/strong><br \/>\nRos\u00f3\u0142 z lanymi kluseczkami<\/p>\n<p><strong>Podane na p\u00f3\u0142miskach:<\/strong><br \/>\nFilet drobiowy z migda\u0142ami i \u017curawin\u0105<br \/>\nPieczona kark\u00f3wka w sosie grzybowym lub zraziki z kark\u00f3wki<br \/>\nGrillowanie filety dorsza w sosie pietruszkowym<br \/>\nZiemniaki po staropolsku<br \/>\nZiemniaki z koperkiem<\/p>\n<p><strong>Sur\u00f3wki,<\/strong><br \/>\nWarzywa grillowanie<\/p>\n<p>Zupa- serwowana po p\u00f3\u0142nocy<br \/>\nBarszcz czerwony z pasztecikiem dro\u017cd\u017cowym<br \/>\nZimne przek\u0105ski<br \/>\nSchab z morelami i \u015bliwkami<br \/>\nRolada z kurczaka z broku\u0142ami i omletem<br \/>\nKark\u00f3wka z caparami<br \/>\nKuleczki mi\u0119sna w ziarnach<br \/>\nKurczak w ciecie filo<br \/>\n\u015aledzik w oleju<br \/>\nTatar ze \u015bledzia<br \/>\nSa\u0142ata grecka<br \/>\nSa\u0142atka z soczewicy z grillowanym kurczakiem i duszonymi grzybami<br \/>\nSa\u0142atka makaronowa z w\u0119dzonym \u0142ososiem i \u015bwie\u017cymi warzywami z patelni<\/p>\n<p><strong>Ciasta:<\/strong> sernik, piernikowe z wi\u015bniami, szarlotka<\/p>\n<p><strong>Napoje zimne i alkohol:<\/strong><br \/>\nSok owocowy<br \/>\nWoda mineralna niegazowana<br \/>\nAlkohol w dobrej cenie<br \/>\nWliczaj\u0105c 0,5 butelki na par\u0119.<\/p>\n<p><strong>Dodatkowo do zakupu w cenie:<\/strong><br \/>\nW\u00f3dka Wyborowa, Maximus, Sobieski \u2013 30 z\u0142 \/szt<br \/>\nWino Gato Negro &#8211; 30 z\u0142<br \/>\nNapoje gazowane (coca-cola,fanta,sprite) &#8211; 6 z\u0142 \/ litr<br \/>\nPiwo 0,5l \u2013 6 z\u0142<\/p>\n<p>&nbsp;<\/p>\n<p>LISTA ZG\u0141OSZE\u0143 NA BAL ZASTA\u0141A ZAMKNI\u0118TA<\/p>\n","protected":false},"excerpt":{"rendered":"<p>&nbsp; &nbsp; &nbsp; &nbsp; &nbsp; Ju\u017c teraz chcemy Was zaprosi\u0107 na pi\u0105te, jubileuszowe zako\u0144czenie sezonu Pi\u0119kne Klasyki Na Warmii. Spotykamy si\u0119 przy magazynie solnym olszty\u0144skiego zamku dnia 15 pa\u017adziernika 2016r. Tradycyjnie imprez\u0119 uatrakcyjni\u0105 nam artystycznie wystawy: malarstwa &#8211; Antoniego Letkiego oraz Krzysztofa Tanajewskiego, fotografii &#8211; Adriana Banacha, Artura Kusto i Kazimierza \u015awierczy\u0144skiego. Prosimy o przybycie&hellip;<\/p>\n","protected":false},"author":1,"featured_media":751,"comment_status":"closed","ping_status":"closed","sticky":false,"template":"","format":"standard","meta":{"ngg_post_thumbnail":0,"footnotes":""},"categories":[2],"tags":[],"class_list":["post-747","post","type-post","status-publish","format-standard","has-post-thumbnail","hentry","category-aktualnosci"],"_links":{"self":[{"href":"https:\/\/www.okm.org.pl\/index.php?rest_route=\/wp\/v2\/posts\/747","targetHints":{"allow":["GET"]}}],"collection":[{"href":"https:\/\/www.okm.org.pl\/index.php?rest_route=\/wp\/v2\/posts"}],"about":[{"href":"https:\/\/www.okm.org.pl\/index.php?rest_route=\/wp\/v2\/types\/post"}],"author":[{"embeddable":true,"href":"https:\/\/www.okm.org.pl\/index.php?rest_route=\/wp\/v2\/users\/1"}],"replies":[{"embeddable":true,"href":"https:\/\/www.okm.org.pl\/index.php?rest_route=%2Fwp%2Fv2%2Fcomments&post=747"}],"version-history":[{"count":26,"href":"https:\/\/www.okm.org.pl\/index.php?rest_route=\/wp\/v2\/posts\/747\/revisions"}],"predecessor-version":[{"id":792,"href":"https:\/\/www.okm.org.pl\/index.php?rest_route=\/wp\/v2\/posts\/747\/revisions\/792"}],"wp:featuredmedia":[{"embeddable":true,"href":"https:\/\/www.okm.org.pl\/index.php?rest_route=\/wp\/v2\/media\/751"}],"wp:attachment":[{"href":"https:\/\/www.okm.org.pl\/index.php?rest_route=%2Fwp%2Fv2%2Fmedia&parent=747"}],"wp:term":[{"taxonomy":"category","embeddable":true,"href":"https:\/\/www.okm.org.pl\/index.php?rest_route=%2Fwp%2Fv2%2Fcategories&post=747"},{"taxonomy":"post_tag","embeddable":true,"href":"https:\/\/www.okm.org.pl\/index.php?rest_route=%2Fwp%2Fv2%2Ftags&post=747"}],"curies":[{"name":"wp","href":"https:\/\/api.w.org\/{rel}","templated":true}]}}