{"id":5849,"date":"2017-12-08T21:05:52","date_gmt":"2017-12-08T20:05:52","guid":{"rendered":"http:\/\/www.okm.org.pl\/?p=5849"},"modified":"2017-12-14T21:53:08","modified_gmt":"2017-12-14T20:53:08","slug":"spotkanie-przedswiateczne","status":"publish","type":"post","link":"https:\/\/www.okm.org.pl\/?p=5849","title":{"rendered":"Spotkanie przed\u015bwi\u0105teczne"},"content":{"rendered":"<p><a href=\"https:\/\/www.okm.org.pl\/wp-content\/uploads\/2017\/12\/wigilia.jpg\"><img loading=\"lazy\" decoding=\"async\" class=\"alignleft wp-image-5850 size-medium\" src=\"https:\/\/www.okm.org.pl\/wp-content\/uploads\/2017\/12\/wigilia-300x209.jpg\" alt=\"\" width=\"300\" height=\"209\" srcset=\"https:\/\/www.okm.org.pl\/wp-content\/uploads\/2017\/12\/wigilia-300x209.jpg 300w, https:\/\/www.okm.org.pl\/wp-content\/uploads\/2017\/12\/wigilia.jpg 640w\" sizes=\"auto, (max-width: 300px) 100vw, 300px\" \/><\/a>Zapraszamy klubowicz\u00f3w na nasze tradycyjne ju\u017c spotkanie przed\u015bwi\u0105teczne. Zaplanowali\u015bmy je na pi\u0105tek 15 grudnia od godz. 18.<!--more--><\/p>\n<p>Mamy nadziej\u0119, \u017ce w gwarnym i mi\u0142ym towarzystwie oraz r\u00f3wnie mi\u0142ej atmosferze, b\u0119dzie okazja do dzielenia si\u0119 opowie\u015bciami nie tylko ze \u015bwiata klasyk\u00f3w.<\/p>\n<p>Na naszym go\u015bcinnym stol\u0119 b\u0119d\u0105 zimne przek\u0105ski zam\u00f3wione z restauracji (st\u0105d proponujemy symboliczn\u0105 op\u0142at\u0119 10 z\u0142 od osoby jako pokrycie koszt\u00f3w), ale wzorem ubieg\u0142ych lat, ka\u017cdy mo\u017ce przynie\u015b\u0107 te\u017c ze sob\u0105 dowolny wikt, a tak\u017ce napoje przy kt\u00f3rych chce sp\u0119dzi\u0107 wiecz\u00f3r.<\/p>\n<p>&nbsp;<\/p>\n<p>W tym roku na spotkaniu odwiedz\u0105 nas zaprzyja\u017anieni pasjonaci oldtimer\u00f3w z Kaliningradu. Przyje\u017cd\u017caj\u0105 do nas ju\u017c drugi rok z rz\u0119du na zako\u0144czenie sezonu, a tym razem przywioz\u0105 ze sob\u0105 ksi\u0105\u017cki (w j\u0119zyku rosyjskim), kt\u00f3re co roku wydaj\u0105 jako podsumowanie swojego sezonu. W najnowszej edycji b\u0119dzie r\u00f3wnie\u017c i o naszej wyprawie na Zlot do Kaliningradu z maja (cz\u0119\u015b\u0107 os\u00f3b ju\u017c zap\u0142aci\u0142a za ksi\u0105\u017cki, b\u0119dzie te\u017c taka mo\u017cliwo\u015b\u0107 na miejscu \u2013 cena 120 z\u0142).<\/p>\n<p>&nbsp;<\/p>\n<p>Tradycyjnie ju\u017c podczas naszego przed\u015bwi\u0105tecznego spotkania b\u0119d\u0105 do nabycia klubowe kalendarza \u015bcienne. Jak pami\u0119tacie, do jego stworzenia pos\u0142u\u017cy\u0142y w tym roku zdj\u0119cia wykonane przez nas samych do konkursu \u201ePoka\u017c swojego klasyka\u201d (cena kalendarza 20 z\u0142).<\/p>\n<p>&nbsp;<\/p>\n<p>Przypominamy te\u017c, \u017ce s\u0105 do nabycia b\u0119d\u0105 inne gad\u017cety klubowe, w tym jubileuszowe T-shirty na 45-lecie Olszty\u0144skiego Klubu Motorowego. Koszulka prezentowana jest na naszej stronie (<a href=\"https:\/\/www.okm.org.pl\" target=\"_blank\" rel=\"noopener\" data-saferedirecturl=\"https:\/\/www.google.com\/url?hl=pl&amp;q=https:\/\/www.okm.org.pl&amp;source=gmail&amp;ust=1512848698768000&amp;usg=AFQjCNF9GryRNKg1iLUPatIhBDwXZ73xlQ\">okm.org.pl<\/a>). Z okazji przed\u015bwi\u0105tecznego okresu, proponujemy j\u0105 w promocyjnej cenie 30 z\u0142\/szt (s\u0105 te\u017c damskie fasony), zamiast sta\u0142ej ceny 45 z\u0142.<\/p>\n<p>Pozosta\u0142e gad\u017cety to okoliczno\u015bciowe kubki, plakietki klubowe do wprasowania na odzie\u017c oraz zestawy (kubek, torba eko i breloczek).<\/p>\n<p>&nbsp;<\/p>\n<p>Do zobaczenia w pi\u0105tek 15 grudnia od godz. 18.<\/p>\n<p>Dla przypomnienia adres: ul. Mickiewicza 9A\/1<\/p>\n<p>&nbsp;<\/p>\n<p><span style=\"font-size: 14pt; color: #ff0000;\">UWAGA<\/span><\/p>\n<p>Zmieniamy miejsce klubowej Wigilii. Korzystamy z go\u015bcinno\u015bci NOT i ich du\u017cej sali.<\/p>\n<p>Adres: pl. Konsulatu Polskiego 1, parter, sala konferencyjna.<br \/>\nGodzina i miejsce bez zmian. Pi\u0105tek, 18:00<\/p>\n","protected":false},"excerpt":{"rendered":"<p>Zapraszamy klubowicz\u00f3w na nasze tradycyjne ju\u017c spotkanie przed\u015bwi\u0105teczne. Zaplanowali\u015bmy je na pi\u0105tek 15 grudnia od godz. 18.<\/p>\n","protected":false},"author":1,"featured_media":5850,"comment_status":"closed","ping_status":"closed","sticky":false,"template":"","format":"standard","meta":{"ngg_post_thumbnail":0,"footnotes":""},"categories":[2],"tags":[],"class_list":["post-5849","post","type-post","status-publish","format-standard","has-post-thumbnail","hentry","category-aktualnosci"],"_links":{"self":[{"href":"https:\/\/www.okm.org.pl\/index.php?rest_route=\/wp\/v2\/posts\/5849","targetHints":{"allow":["GET"]}}],"collection":[{"href":"https:\/\/www.okm.org.pl\/index.php?rest_route=\/wp\/v2\/posts"}],"about":[{"href":"https:\/\/www.okm.org.pl\/index.php?rest_route=\/wp\/v2\/types\/post"}],"author":[{"embeddable":true,"href":"https:\/\/www.okm.org.pl\/index.php?rest_route=\/wp\/v2\/users\/1"}],"replies":[{"embeddable":true,"href":"https:\/\/www.okm.org.pl\/index.php?rest_route=%2Fwp%2Fv2%2Fcomments&post=5849"}],"version-history":[{"count":4,"href":"https:\/\/www.okm.org.pl\/index.php?rest_route=\/wp\/v2\/posts\/5849\/revisions"}],"predecessor-version":[{"id":5855,"href":"https:\/\/www.okm.org.pl\/index.php?rest_route=\/wp\/v2\/posts\/5849\/revisions\/5855"}],"wp:featuredmedia":[{"embeddable":true,"href":"https:\/\/www.okm.org.pl\/index.php?rest_route=\/wp\/v2\/media\/5850"}],"wp:attachment":[{"href":"https:\/\/www.okm.org.pl\/index.php?rest_route=%2Fwp%2Fv2%2Fmedia&parent=5849"}],"wp:term":[{"taxonomy":"category","embeddable":true,"href":"https:\/\/www.okm.org.pl\/index.php?rest_route=%2Fwp%2Fv2%2Fcategories&post=5849"},{"taxonomy":"post_tag","embeddable":true,"href":"https:\/\/www.okm.org.pl\/index.php?rest_route=%2Fwp%2Fv2%2Ftags&post=5849"}],"curies":[{"name":"wp","href":"https:\/\/api.w.org\/{rel}","templated":true}]}}