{"id":15337,"date":"2025-07-25T21:15:07","date_gmt":"2025-07-25T20:15:07","guid":{"rendered":"https:\/\/www.okm.org.pl\/?p=15337"},"modified":"2025-08-22T18:05:40","modified_gmt":"2025-08-22T17:05:40","slug":"odliczamy-miesiac-do-viii-rajdu-replica-classic","status":"publish","type":"post","link":"https:\/\/www.okm.org.pl\/?p=15337","title":{"rendered":"Odliczamy miesi\u0105c do VIII Rajdu Replica &amp; Classic"},"content":{"rendered":"\n<p>Tegoroczne wydarzenie przypada na 75. urodziny naszego patrona Mariana Bublewicza, st\u0105d wydarzenie wzbogacili\u015bmy \u2013 najwa\u017cniejsz\u0105 zmian\u0105 jest dwudniowa formu\u0142a (sobota-niedziela 23-24 sierpnia).<!--more--> Uwaga \u2013 wpisowe na rajd nie obejmuje ewentualnego noclegu dla za\u0142\u00f3g przyjezdnych, kt\u00f3re chcia\u0142yby skorzysta\u0107 z hotelu.<\/p>\n<p>Zapraszamy nie tylko mi\u0142o\u015bnik\u00f3w rajdowania, ale te\u017c amator\u00f3w i mi\u0142o\u015bnik\u00f3w klasyk\u00f3w, bo ta impreza ma dawa\u0107 przyjemno\u015b\u0107 rywalizacji na przer\u00f3\u017cnych poziomach zaawansowania, zatem \u2013 wzorem ubieg\u0142ych lat \u2013 startujemy te\u017c klasykami. Trasy pr\u00f3b b\u0119d\u0105 zaplanowane pod k\u0105tem bezpiecznych przejazd\u00f3w.<\/p>\n<p>Zach\u0119camy do zapoznania si\u0119 z za\u0142\u0105czonym regulaminem, no i do wpisywania si\u0119 w to jubileuszowe wydarzenie.<\/p>\n<p>Wkr\u00f3tce pojawia\u0107 si\u0119 b\u0119d\u0105 coraz bardziej szczeg\u00f3\u0142owe informacje o VIII Rajdzie Replica &amp; Classic.<\/p>\n<p>Dzie\u0144 1<\/p>\n<p>Startujemy o godz. 10 spod zamku na olszty\u0144skiej star\u00f3wce i jedziemy na lotnisko do Ornety, gdzie rozegrane zostan\u0105 pr\u00f3by sportowe na p\u0142ycie lotniska (nawierzchnia asfaltowa), po godz. 15 jedziemy do Jonkowa, tam b\u0119dzie zaserwowany obiad, za\u015b w centrum Jonkowa przeprowadzimy konkurs pod publik\u0119 (nie na wy\u015bcigi, nie wlicza si\u0119 w klasyfikacj\u0119 generaln\u0105) o puchar w\u00f3jta Jonkowo. B\u0119dzie te\u017c konkurs dla publiczno\u015bci na najciekawsze samochody startuj\u0105ce w rajdzie. Powr\u00f3t do Olsztyna i koniec pierwszego dnia.<\/p>\n<p>Dzie\u0144 2<\/p>\n<p>Wyjazd o godz. 9.30 spod Starego Ratusza do Ostr\u00f3dy \u2013 pr\u00f3by sportowe wok\u00f3\u0142 dawnych hal Expo (nawierzchnia polbruk), powr\u00f3t na start\u00f3wk\u0119 do Olsztyna. Oko\u0142o godz. 14 wydarzenie po\u015bwi\u0119cone pami\u0119ci Mariana Bublewicza \u2013 dyskusja wspominkowa z udzia\u0142em zaproszonych go\u015bci. Fina\u0142em wydarzenia b\u0119dzie ceremonia wr\u0119czenia puchar\u00f3w dla zwyci\u0119skich za\u0142\u00f3g.<\/p>\n<p>&nbsp;<\/p>\n\n\n\n<p class=\"has-vivid-red-color has-text-color has-link-color has-large-font-size wp-elements-b38a72073897e88ebd8899b3a36fe4ea\"><a href=\"https:\/\/forms.gle\/qGLrhSoHxAC7Nbsf9\" target=\"_blank\" rel=\"noreferrer noopener\">FORMULARZ ZG\u0141OSZENIOWY (klik)<\/a><\/p>\n\n\n\n<p><br>Poni\u017csza lista zg\u0142oszeniowa jest aktualizowana automatycznie co 5 min.<\/p>\n\n\n\n<iframe loading=\"lazy\" \n  src=\"https:\/\/docs.google.com\/spreadsheets\/d\/e\/2PACX-1vQyKIELPPNkOdZvRiHRGAwy56WKdgaUF5K3Jt5SRgC8ad2pAQZfeWo8gU8OJ2MTeoJKNu_QwYESfjHU\/pubhtml?gid=250191967&amp;single=true&amp;widget=true&amp;headers=false\" \n  width=\"350\" \n  height=\"900\"\n><\/iframe>\n\n\n\n<div data-wp-interactive=\"core\/file\" class=\"wp-block-file\"><object data-wp-bind--hidden=\"!state.hasPdfPreview\" hidden class=\"wp-block-file__embed\" data=\"https:\/\/www.okm.org.pl\/wp-content\/uploads\/2025\/07\/regulamin_replica_2025.pdf\" type=\"application\/pdf\" style=\"width:100%;height:600px\" aria-label=\"Osadzone z regulamin_replica_2025.\"><\/object><a id=\"wp-block-file--media-8678b548-72a4-44ad-8410-3377ae03dbf9\" href=\"https:\/\/www.okm.org.pl\/wp-content\/uploads\/2025\/07\/regulamin_replica_2025.pdf\">regulamin_replica_2025<\/a><a href=\"https:\/\/www.okm.org.pl\/wp-content\/uploads\/2025\/07\/regulamin_replica_2025.pdf\" class=\"wp-block-file__button wp-element-button\" download aria-describedby=\"wp-block-file--media-8678b548-72a4-44ad-8410-3377ae03dbf9\">Pobierz<\/a><\/div>\n\n\n<div class=\"wp-block-image\">\n<figure class=\"aligncenter size-large\"><a href=\"https:\/\/www.okm.org.pl\/wp-content\/uploads\/2025\/07\/Replica-Classic-2025-A3-v2.jpg\" target=\"_blank\" rel=\" noreferrer noopener\"><img loading=\"lazy\" decoding=\"async\" width=\"724\" height=\"1024\" src=\"https:\/\/www.okm.org.pl\/wp-content\/uploads\/2025\/07\/Replica-Classic-2025-A3-v2-724x1024.jpg\" alt=\"\" class=\"wp-image-15361\" srcset=\"https:\/\/www.okm.org.pl\/wp-content\/uploads\/2025\/07\/Replica-Classic-2025-A3-v2-724x1024.jpg 724w, https:\/\/www.okm.org.pl\/wp-content\/uploads\/2025\/07\/Replica-Classic-2025-A3-v2-212x300.jpg 212w, https:\/\/www.okm.org.pl\/wp-content\/uploads\/2025\/07\/Replica-Classic-2025-A3-v2-768x1086.jpg 768w, https:\/\/www.okm.org.pl\/wp-content\/uploads\/2025\/07\/Replica-Classic-2025-A3-v2-1086x1536.jpg 1086w, https:\/\/www.okm.org.pl\/wp-content\/uploads\/2025\/07\/Replica-Classic-2025-A3-v2.jpg 1131w\" sizes=\"auto, (max-width: 724px) 100vw, 724px\" \/><\/a><\/figure><\/div>","protected":false},"excerpt":{"rendered":"<p>Tegoroczne wydarzenie przypada na 75. urodziny naszego patrona Mariana Bublewicza, st\u0105d wydarzenie wzbogacili\u015bmy \u2013 najwa\u017cniejsz\u0105 zmian\u0105 jest dwudniowa formu\u0142a (sobota-niedziela 23-24 sierpnia).<\/p>\n","protected":false},"author":1,"featured_media":15340,"comment_status":"closed","ping_status":"closed","sticky":false,"template":"","format":"standard","meta":{"ngg_post_thumbnail":0,"footnotes":""},"categories":[2],"tags":[],"class_list":["post-15337","post","type-post","status-publish","format-standard","has-post-thumbnail","hentry","category-aktualnosci"],"_links":{"self":[{"href":"https:\/\/www.okm.org.pl\/index.php?rest_route=\/wp\/v2\/posts\/15337","targetHints":{"allow":["GET"]}}],"collection":[{"href":"https:\/\/www.okm.org.pl\/index.php?rest_route=\/wp\/v2\/posts"}],"about":[{"href":"https:\/\/www.okm.org.pl\/index.php?rest_route=\/wp\/v2\/types\/post"}],"author":[{"embeddable":true,"href":"https:\/\/www.okm.org.pl\/index.php?rest_route=\/wp\/v2\/users\/1"}],"replies":[{"embeddable":true,"href":"https:\/\/www.okm.org.pl\/index.php?rest_route=%2Fwp%2Fv2%2Fcomments&post=15337"}],"version-history":[{"count":9,"href":"https:\/\/www.okm.org.pl\/index.php?rest_route=\/wp\/v2\/posts\/15337\/revisions"}],"predecessor-version":[{"id":15378,"href":"https:\/\/www.okm.org.pl\/index.php?rest_route=\/wp\/v2\/posts\/15337\/revisions\/15378"}],"wp:featuredmedia":[{"embeddable":true,"href":"https:\/\/www.okm.org.pl\/index.php?rest_route=\/wp\/v2\/media\/15340"}],"wp:attachment":[{"href":"https:\/\/www.okm.org.pl\/index.php?rest_route=%2Fwp%2Fv2%2Fmedia&parent=15337"}],"wp:term":[{"taxonomy":"category","embeddable":true,"href":"https:\/\/www.okm.org.pl\/index.php?rest_route=%2Fwp%2Fv2%2Fcategories&post=15337"},{"taxonomy":"post_tag","embeddable":true,"href":"https:\/\/www.okm.org.pl\/index.php?rest_route=%2Fwp%2Fv2%2Ftags&post=15337"}],"curies":[{"name":"wp","href":"https:\/\/api.w.org\/{rel}","templated":true}]}}