{"id":15256,"date":"2025-03-26T16:47:01","date_gmt":"2025-03-26T15:47:01","guid":{"rendered":"https:\/\/www.okm.org.pl\/?p=15256"},"modified":"2025-03-26T16:48:37","modified_gmt":"2025-03-26T15:48:37","slug":"szykujemy-sie-do-debiutu-sezonu-i-od-razu-sciganie","status":"publish","type":"post","link":"https:\/\/www.okm.org.pl\/?p=15256","title":{"rendered":"Szykujemy si\u0119 do debiutu sezonu i od razu \u015bciganie!"},"content":{"rendered":"\n\n\n<div class=\"x11i5rnm xat24cr x1mh8g0r x1vvkbs xtlvy1s x126k92a\">\n<div dir=\"auto\">Za miesi\u0105c, w niedziel\u0119 27 kwietnia, spotykamy si\u0119 na Dajtkach na lotnisku na inauguracyjnym Grand Prix Polski \u00bc mili \u2013 <span class=\"html-span xdj266r x11i5rnm xat24cr x1mh8g0r xexx8yu x4uap5 x18d9i69 xkhd6sd x1hl2dhg x16tdsg8 x1vvkbs\"><a class=\"x1i10hfl xjbqb8w x1ejq31n xd10rxx x1sy0etr x17r0tee x972fbf xcfux6l x1qhh985 xm0m39n x9f619 x1ypdohk xt0psk2 xe8uvvx xdj266r x11i5rnm xat24cr x1mh8g0r xexx8yu x4uap5 x18d9i69 xkhd6sd x16tdsg8 x1hl2dhg xggy1nq x1a2a7pz xkrqix3 x1sur9pj x1fey0fg x1s688f\" tabindex=\"0\" role=\"link\" href=\"https:\/\/www.facebook.com\/motofestivalm?__cft__[0]=AZXJumluhFVL-XUFcnVS64Ylx0wuKCyBXNxwUK2l0GJlVMSNKpGoK_5zv7d_TekUUI4E_kdbRCzmiYSgjQnnHJbTC6ciGNhYdf4Wg5j1VW_FWbCIaa-LuibHUJcz3INN0C_MVQdsPH9IT2RZwRuqlBu9Or1k19bOMTrulYEV2BBbVDcHiGxEAXDoAIvjFutYiCE&amp;__tn__=-]K-R\"><span class=\"xt0psk2\"><span class=\"xjp7ctv\">Moto Festival<\/span><\/span><\/a><\/span>. Po raz kolejny jeste\u015bmy zaproszeni jeste\u015bmy jako klub, by\u015bmy oficjalnie otworzyli podczas festiwalu motoryzacyjnego klasykowy sezon.<\/div>\n<\/div>\n<p><!--more--><\/p>\n<div class=\"x11i5rnm xat24cr x1mh8g0r x1vvkbs xtlvy1s x126k92a\">\n<div dir=\"auto\">Atrakcji tego dnia b\u0119dzie du\u017co, bo wzorem poprzednich edycji, wystawi\u0105 si\u0119 zajawkowicze r\u00f3\u017cnych samochodowych pasji. Szczeg\u00f3\u0142y poni\u017cej.<\/div>\n<div dir=\"auto\">&nbsp;<\/div>\n<\/div>\n<div class=\"x11i5rnm xat24cr x1mh8g0r x1vvkbs xtlvy1s x126k92a\">\n<div dir=\"auto\">Ciekawostk\u0105 jest, \u017ce jako klasyki dostali\u015bmy od organizatora mo\u017cliwo\u015b\u0107 wystartowania w pr\u00f3bach \u015bcigania si\u0119 z profesjonalnym pomiarem czasu, pr\u0119dko\u015bci na mecie oraz czasu reakcji przy starcie. Je\u015bli kto\u015b b\u0119dzie mia\u0142 ochot\u0119 sprawdzi\u0107 form\u0119 sprintersk\u0105 swojego klasyka to zapraszamy.<\/div>\n<div dir=\"auto\">&nbsp;<\/div>\n<\/div>\n<div class=\"x11i5rnm xat24cr x1mh8g0r x1vvkbs xtlvy1s x126k92a\">\n<div dir=\"auto\">My jako klub b\u0119dziemy te\u017c promowa\u0107 i ze sceny, i na naszym stoisku, kolejn\u0105 edycj\u0119 Rajdu Replica &amp; Classic, kt\u00f3ry w tym roku b\u0119dzie mia\u0142 szczeg\u00f3lny wymiar, bo nasz patron Marian Bublewicz, dla kt\u00f3rego wymy\u015blili\u015bmy kiedy\u015b to wydarzenie, \u015bwi\u0119towa\u0142by 75. urodziny.<\/div>\n<div dir=\"auto\">&nbsp;<\/div>\n<\/div>\n<div class=\"x11i5rnm xat24cr x1mh8g0r x1vvkbs xtlvy1s x126k92a\">\n<div dir=\"auto\">Start ju\u017c od godz. 10.<\/div>\n<\/div>\n<div class=\"x11i5rnm xat24cr x1mh8g0r x1vvkbs xtlvy1s x126k92a\">\n<div dir=\"auto\">&nbsp;<\/div>\n<div dir=\"auto\">A oto przedsmak tego, co b\u0119dzie si\u0119 dzia\u0142o:<\/div>\n<div dir=\"auto\">&#8211; I runda Grand Prix Polski \u00bc mili<\/div>\n<div dir=\"auto\">&#8211; I Warmi\u0144ski Zlot Motocykli Harley-Davidson<\/div>\n<div dir=\"auto\">&#8211; strefa klasyk\u00f3w<\/div>\n<div dir=\"auto\">&#8211; strefa pojazd\u00f3w tuningowanych<\/div>\n<div dir=\"auto\">&#8211; strefa car audio<\/div>\n<div dir=\"auto\">&#8211; strefa motocykli<\/div>\n<div dir=\"auto\">&#8211; strefa aut ameryka\u0144skich<\/div>\n<div dir=\"auto\">&#8211; strefa offroad<\/div>\n<div dir=\"auto\">&#8211; strefa wrak race<\/div>\n<div dir=\"auto\">&#8211; strefa dla dzieci<\/div>\n<div dir=\"auto\">&#8211; strefa gastro<\/div>\n<div dir=\"auto\">&nbsp;<\/div>\n<\/div>\n<div class=\"x11i5rnm xat24cr x1mh8g0r x1vvkbs xtlvy1s x126k92a\">\n<div dir=\"auto\">Wst\u0119p na wydarzenie jest p\u0142atny (40 z\u0142, dzieci do lat 12 bezp\u0142atnie), ale klubowicze z klasykami, za okazaniem naszej legitymacji, wje\u017cd\u017caj\u0105 bez op\u0142at (b\u0119dzie stosowna kontrola na bramce).<\/div>\n<\/div>\n<div dir=\"auto\">&nbsp;<\/div>\n<div dir=\"auto\">W linku poni\u017cej szczeg\u00f3\u0142y wydarzenia:<\/div>\n<div dir=\"auto\"><a href=\"https:\/\/fb.me\/e\/602BvKGvZ\" target=\"_blank\" rel=\"noopener\">https:\/\/fb.me\/e\/602BvKGvZ<\/a><\/div>\n","protected":false},"excerpt":{"rendered":"<p>Za miesi\u0105c, w niedziel\u0119 27 kwietnia, spotykamy si\u0119 na Dajtkach na lotnisku na inauguracyjnym Grand Prix Polski \u00bc mili \u2013 Moto Festival. Po raz kolejny jeste\u015bmy zaproszeni jeste\u015bmy jako klub, by\u015bmy oficjalnie otworzyli podczas festiwalu motoryzacyjnego klasykowy sezon.<\/p>\n","protected":false},"author":1,"featured_media":15257,"comment_status":"closed","ping_status":"closed","sticky":false,"template":"","format":"standard","meta":{"ngg_post_thumbnail":0,"footnotes":""},"categories":[2],"tags":[],"class_list":["post-15256","post","type-post","status-publish","format-standard","has-post-thumbnail","hentry","category-aktualnosci"],"_links":{"self":[{"href":"https:\/\/www.okm.org.pl\/index.php?rest_route=\/wp\/v2\/posts\/15256","targetHints":{"allow":["GET"]}}],"collection":[{"href":"https:\/\/www.okm.org.pl\/index.php?rest_route=\/wp\/v2\/posts"}],"about":[{"href":"https:\/\/www.okm.org.pl\/index.php?rest_route=\/wp\/v2\/types\/post"}],"author":[{"embeddable":true,"href":"https:\/\/www.okm.org.pl\/index.php?rest_route=\/wp\/v2\/users\/1"}],"replies":[{"embeddable":true,"href":"https:\/\/www.okm.org.pl\/index.php?rest_route=%2Fwp%2Fv2%2Fcomments&post=15256"}],"version-history":[{"count":3,"href":"https:\/\/www.okm.org.pl\/index.php?rest_route=\/wp\/v2\/posts\/15256\/revisions"}],"predecessor-version":[{"id":15260,"href":"https:\/\/www.okm.org.pl\/index.php?rest_route=\/wp\/v2\/posts\/15256\/revisions\/15260"}],"wp:featuredmedia":[{"embeddable":true,"href":"https:\/\/www.okm.org.pl\/index.php?rest_route=\/wp\/v2\/media\/15257"}],"wp:attachment":[{"href":"https:\/\/www.okm.org.pl\/index.php?rest_route=%2Fwp%2Fv2%2Fmedia&parent=15256"}],"wp:term":[{"taxonomy":"category","embeddable":true,"href":"https:\/\/www.okm.org.pl\/index.php?rest_route=%2Fwp%2Fv2%2Fcategories&post=15256"},{"taxonomy":"post_tag","embeddable":true,"href":"https:\/\/www.okm.org.pl\/index.php?rest_route=%2Fwp%2Fv2%2Ftags&post=15256"}],"curies":[{"name":"wp","href":"https:\/\/api.w.org\/{rel}","templated":true}]}}