{"id":15244,"date":"2025-02-14T20:32:27","date_gmt":"2025-02-14T19:32:27","guid":{"rendered":"https:\/\/www.okm.org.pl\/?p=15244"},"modified":"2025-02-14T20:35:35","modified_gmt":"2025-02-14T19:35:35","slug":"rocznica-20-lutego","status":"publish","type":"post","link":"https:\/\/www.okm.org.pl\/?p=15244","title":{"rendered":"Rocznica 20 lutego"},"content":{"rendered":"\n<p>Tradycyjnie ju\u017c 20 lutego spotkamy si\u0119 przy grobie naszego patrona i nieod\u017ca\u0142owanego Mistrza Mariana Bublewicza.<!--more--> Z\u0142o\u017ceniem symbolicznego wie\u0144ca uczcimy 32. rocznic\u0119, od kiedy nie ma Go z nami.<br>Wszystkich ch\u0119tnych zapraszamy w czwartek na godz. 12 na Cmentarz Komunalny przy ul. Poprzecznej. Dla pojazd\u00f3w, kt\u00f3rymi przyb\u0119dziemy, zostanie otwarta brama wjazdowa na g\u0142\u00f3wn\u0105 alej\u0119 cmentarza.<br>Do&nbsp;zobaczenia.<\/p>\n","protected":false},"excerpt":{"rendered":"<p>Tradycyjnie ju\u017c 20 lutego spotkamy si\u0119 przy grobie naszego patrona i nieod\u017ca\u0142owanego Mistrza Mariana Bublewicza.<\/p>\n","protected":false},"author":1,"featured_media":5858,"comment_status":"closed","ping_status":"closed","sticky":false,"template":"","format":"standard","meta":{"ngg_post_thumbnail":0,"footnotes":""},"categories":[2],"tags":[],"class_list":["post-15244","post","type-post","status-publish","format-standard","has-post-thumbnail","hentry","category-aktualnosci"],"_links":{"self":[{"href":"https:\/\/www.okm.org.pl\/index.php?rest_route=\/wp\/v2\/posts\/15244","targetHints":{"allow":["GET"]}}],"collection":[{"href":"https:\/\/www.okm.org.pl\/index.php?rest_route=\/wp\/v2\/posts"}],"about":[{"href":"https:\/\/www.okm.org.pl\/index.php?rest_route=\/wp\/v2\/types\/post"}],"author":[{"embeddable":true,"href":"https:\/\/www.okm.org.pl\/index.php?rest_route=\/wp\/v2\/users\/1"}],"replies":[{"embeddable":true,"href":"https:\/\/www.okm.org.pl\/index.php?rest_route=%2Fwp%2Fv2%2Fcomments&post=15244"}],"version-history":[{"count":2,"href":"https:\/\/www.okm.org.pl\/index.php?rest_route=\/wp\/v2\/posts\/15244\/revisions"}],"predecessor-version":[{"id":15247,"href":"https:\/\/www.okm.org.pl\/index.php?rest_route=\/wp\/v2\/posts\/15244\/revisions\/15247"}],"wp:featuredmedia":[{"embeddable":true,"href":"https:\/\/www.okm.org.pl\/index.php?rest_route=\/wp\/v2\/media\/5858"}],"wp:attachment":[{"href":"https:\/\/www.okm.org.pl\/index.php?rest_route=%2Fwp%2Fv2%2Fmedia&parent=15244"}],"wp:term":[{"taxonomy":"category","embeddable":true,"href":"https:\/\/www.okm.org.pl\/index.php?rest_route=%2Fwp%2Fv2%2Fcategories&post=15244"},{"taxonomy":"post_tag","embeddable":true,"href":"https:\/\/www.okm.org.pl\/index.php?rest_route=%2Fwp%2Fv2%2Ftags&post=15244"}],"curies":[{"name":"wp","href":"https:\/\/api.w.org\/{rel}","templated":true}]}}