{"id":15186,"date":"2024-10-09T14:44:04","date_gmt":"2024-10-09T13:44:04","guid":{"rendered":"http:\/\/www.okm.org.pl\/?p=15186"},"modified":"2024-10-09T14:45:42","modified_gmt":"2024-10-09T13:45:42","slug":"15186","status":"publish","type":"post","link":"https:\/\/www.okm.org.pl\/?p=15186","title":{"rendered":"Zako\u0144czenie XIII sezonu Pi\u0119kne klasyki na Warmii"},"content":{"rendered":"<p>Klubowicz\u00f3w i pasjonat\u00f3w klasycznej motoryzacji zapraszamy na sobot\u0119 12 pa\u017adziernika na olszty\u0144skie podzamcze na zako\u0144czenie 13. ju\u017c sezonu &#8222;Pi\u0119knych klasyk\u00f3w na Warmii&#8221;. <!--more-->Tradycyjnie zaprezentujemy wystaw\u0119 zabytkowych aut, a w Magazynie Solnym wystaw\u0119 malarstwa po\u015bwi\u0119con\u0105 samochodom. Tym razem Antoni Letki i Krzysztof Tanajewski zafunduj\u0105 nam wycieczk\u0119 po historii francuskiej motoryzacji. Bo taki te\u017c jest temat przewodni katalogu, kt\u00f3ry przygotowali\u015bmy w znanej wam ju\u017c formie. A w nim czw\u00f3rka \u201efrancuskich\u201d klubowicz\u00f3w i ich maszyny.<\/p>\n<p>Mamy te\u017c przygotowany kalendarz na 2025 rok, kt\u00f3ry zawiera zdj\u0119cia klasyk\u00f3w z naszych tegorocznych wydarze\u0144. No i \u015bliwki w czekoladzie \ud83d\ude42<\/p>\n<p>Wydarzenie zaplanowali\u015bmy w godzinach 11-15. Wzorem&nbsp;poprzednich dw\u00f3ch lat, kiedy to w udany spos\u00f3b przetestowali\u015bmy form\u0119 ustawiania aut,&nbsp;i&nbsp;tym razem ponawiamy pro\u015bb\u0119, by na placu pod Magazynem Solnym ustawia\u0142y si\u0119 auta wyra\u017anie zabytkowe (jako modele przynajmniej 40-letnie), za\u015b pi\u0119kne youngtimery oraz auta wchodz\u0105ce w status klasyka &#8211; na doje\u017adzie do bramy zamkowej, czyli fosie. Powstan\u0105 tym samym dwie atrakcyjne strefy: zabytkowa i youngtimerowa. Auta strefy zabytkowej b\u0119dziemy ustawia\u0107 ju\u017c po godz. 9, wi\u0119c pro\u015bba, by tymi najstarszymi nie przyje\u017cd\u017ca\u0107 na ostatni\u0105 chwil\u0119, bo o godz. 11 dojazd mo\u017ce by\u0107 ju\u017c zastawiony.<\/p>\n<p>Do zobaczenia w sobot\u0119!<\/p>\n<p>&nbsp;<\/p>\n<p><a href=\"https:\/\/www.okm.org.pl\/wp-content\/uploads\/2024\/10\/461947833_1073424124787115_8150394757608984863_n.jpg\"><img loading=\"lazy\" decoding=\"async\" class=\"alignleft wp-image-15190 size-large\" src=\"https:\/\/www.okm.org.pl\/wp-content\/uploads\/2024\/10\/461947833_1073424124787115_8150394757608984863_n-717x1024.jpg\" alt=\"\" width=\"700\" height=\"1000\" srcset=\"https:\/\/www.okm.org.pl\/wp-content\/uploads\/2024\/10\/461947833_1073424124787115_8150394757608984863_n-717x1024.jpg 717w, https:\/\/www.okm.org.pl\/wp-content\/uploads\/2024\/10\/461947833_1073424124787115_8150394757608984863_n-210x300.jpg 210w, https:\/\/www.okm.org.pl\/wp-content\/uploads\/2024\/10\/461947833_1073424124787115_8150394757608984863_n-768x1097.jpg 768w, https:\/\/www.okm.org.pl\/wp-content\/uploads\/2024\/10\/461947833_1073424124787115_8150394757608984863_n.jpg 1434w\" sizes=\"auto, (max-width: 700px) 100vw, 700px\" \/><\/a><\/p>\n","protected":false},"excerpt":{"rendered":"<p>Klubowicz\u00f3w i pasjonat\u00f3w klasycznej motoryzacji zapraszamy na sobot\u0119 12 pa\u017adziernika na olszty\u0144skie podzamcze na zako\u0144czenie 13. ju\u017c sezonu &#8222;Pi\u0119knych klasyk\u00f3w na Warmii&#8221;.<\/p>\n","protected":false},"author":1,"featured_media":15187,"comment_status":"closed","ping_status":"closed","sticky":false,"template":"","format":"standard","meta":{"ngg_post_thumbnail":0,"footnotes":""},"categories":[2],"tags":[],"class_list":["post-15186","post","type-post","status-publish","format-standard","has-post-thumbnail","hentry","category-aktualnosci"],"_links":{"self":[{"href":"https:\/\/www.okm.org.pl\/index.php?rest_route=\/wp\/v2\/posts\/15186","targetHints":{"allow":["GET"]}}],"collection":[{"href":"https:\/\/www.okm.org.pl\/index.php?rest_route=\/wp\/v2\/posts"}],"about":[{"href":"https:\/\/www.okm.org.pl\/index.php?rest_route=\/wp\/v2\/types\/post"}],"author":[{"embeddable":true,"href":"https:\/\/www.okm.org.pl\/index.php?rest_route=\/wp\/v2\/users\/1"}],"replies":[{"embeddable":true,"href":"https:\/\/www.okm.org.pl\/index.php?rest_route=%2Fwp%2Fv2%2Fcomments&post=15186"}],"version-history":[{"count":3,"href":"https:\/\/www.okm.org.pl\/index.php?rest_route=\/wp\/v2\/posts\/15186\/revisions"}],"predecessor-version":[{"id":15191,"href":"https:\/\/www.okm.org.pl\/index.php?rest_route=\/wp\/v2\/posts\/15186\/revisions\/15191"}],"wp:featuredmedia":[{"embeddable":true,"href":"https:\/\/www.okm.org.pl\/index.php?rest_route=\/wp\/v2\/media\/15187"}],"wp:attachment":[{"href":"https:\/\/www.okm.org.pl\/index.php?rest_route=%2Fwp%2Fv2%2Fmedia&parent=15186"}],"wp:term":[{"taxonomy":"category","embeddable":true,"href":"https:\/\/www.okm.org.pl\/index.php?rest_route=%2Fwp%2Fv2%2Fcategories&post=15186"},{"taxonomy":"post_tag","embeddable":true,"href":"https:\/\/www.okm.org.pl\/index.php?rest_route=%2Fwp%2Fv2%2Ftags&post=15186"}],"curies":[{"name":"wp","href":"https:\/\/api.w.org\/{rel}","templated":true}]}}