{"id":15180,"date":"2024-09-17T18:43:09","date_gmt":"2024-09-17T17:43:09","guid":{"rendered":"http:\/\/www.okm.org.pl\/?p=15180"},"modified":"2024-09-17T18:44:03","modified_gmt":"2024-09-17T17:44:03","slug":"to-bedzie-fota-roku","status":"publish","type":"post","link":"https:\/\/www.okm.org.pl\/?p=15180","title":{"rendered":"To b\u0119dzie fota roku!"},"content":{"rendered":"<div class=\"xdj266r x11i5rnm xat24cr x1mh8g0r x1vvkbs x126k92a\">\n<div dir=\"auto\">&nbsp;<\/div>\n<\/div>\n<div class=\"x11i5rnm xat24cr x1mh8g0r x1vvkbs xtlvy1s x126k92a\">\n<div dir=\"auto\">Na jutrzejszym spocie \u015brodowym chcemy zrealizowa\u0107 zdj\u0119cie, kt\u00f3re b\u0119dzie te\u017c, w ramach wsp\u00f3\u0142pracy z samorz\u0105dem wojew\u00f3dztwa, motywem przewodnim w promocji regionu, ale i naszego klubu. Ot\u00f3\u017c z aut u\u0142o\u017cymy napis GEN W i M (Gen Warmii i Mazur &#8211; has\u0142o przewodnie promuj\u0105ce nasz region).<\/div>\n<\/div>\n<p><!--more--><\/p>\n<p><span style=\"font-size: 13px;\">Na za\u0142\u0105czonym zdj\u0119ciu macie makiet\u0119 z modelik\u00f3w. Do foty na \u017cywo z drona potrzebujemy 28 samochod\u00f3w (nie wszystkie musz\u0105 by\u0107 rasowymi klasykami, bo z drona jest to ju\u017c mniej rozpoznawalne). Jutro s\u0105 idealne warunki pogodowe (s\u0142onecznie i bezwietrznie). Spotkamy si\u0119 o godz. 17.30 na parkingu przy starej p\u0119tli autobusowej na pocz\u0105tku Kortowa (parking jest po prawej, nieco w dole).<\/span><\/p>\n<div dir=\"auto\"><a href=\"https:\/\/www.okm.org.pl\/wp-content\/uploads\/2024\/09\/460209527_1059812346148293_7706185761593931515_n.jpg\"><img loading=\"lazy\" decoding=\"async\" class=\"aligncenter wp-image-15181 size-large\" src=\"https:\/\/www.okm.org.pl\/wp-content\/uploads\/2024\/09\/460209527_1059812346148293_7706185761593931515_n-1024x684.jpg\" alt=\"\" width=\"700\" height=\"468\" srcset=\"https:\/\/www.okm.org.pl\/wp-content\/uploads\/2024\/09\/460209527_1059812346148293_7706185761593931515_n-1024x684.jpg 1024w, https:\/\/www.okm.org.pl\/wp-content\/uploads\/2024\/09\/460209527_1059812346148293_7706185761593931515_n-300x200.jpg 300w, https:\/\/www.okm.org.pl\/wp-content\/uploads\/2024\/09\/460209527_1059812346148293_7706185761593931515_n-768x513.jpg 768w, https:\/\/www.okm.org.pl\/wp-content\/uploads\/2024\/09\/460209527_1059812346148293_7706185761593931515_n.jpg 1600w\" sizes=\"auto, (max-width: 700px) 100vw, 700px\" \/><\/a><\/div>\n","protected":false},"excerpt":{"rendered":"<p>&nbsp; Na jutrzejszym spocie \u015brodowym chcemy zrealizowa\u0107 zdj\u0119cie, kt\u00f3re b\u0119dzie te\u017c, w ramach wsp\u00f3\u0142pracy z samorz\u0105dem wojew\u00f3dztwa, motywem przewodnim w promocji regionu, ale i naszego klubu. Ot\u00f3\u017c z aut u\u0142o\u017cymy napis GEN W i M (Gen Warmii i Mazur &#8211; has\u0142o przewodnie promuj\u0105ce nasz region).<\/p>\n","protected":false},"author":1,"featured_media":15181,"comment_status":"closed","ping_status":"closed","sticky":false,"template":"","format":"standard","meta":{"ngg_post_thumbnail":0,"footnotes":""},"categories":[2],"tags":[],"class_list":["post-15180","post","type-post","status-publish","format-standard","has-post-thumbnail","hentry","category-aktualnosci"],"_links":{"self":[{"href":"https:\/\/www.okm.org.pl\/index.php?rest_route=\/wp\/v2\/posts\/15180","targetHints":{"allow":["GET"]}}],"collection":[{"href":"https:\/\/www.okm.org.pl\/index.php?rest_route=\/wp\/v2\/posts"}],"about":[{"href":"https:\/\/www.okm.org.pl\/index.php?rest_route=\/wp\/v2\/types\/post"}],"author":[{"embeddable":true,"href":"https:\/\/www.okm.org.pl\/index.php?rest_route=\/wp\/v2\/users\/1"}],"replies":[{"embeddable":true,"href":"https:\/\/www.okm.org.pl\/index.php?rest_route=%2Fwp%2Fv2%2Fcomments&post=15180"}],"version-history":[{"count":3,"href":"https:\/\/www.okm.org.pl\/index.php?rest_route=\/wp\/v2\/posts\/15180\/revisions"}],"predecessor-version":[{"id":15184,"href":"https:\/\/www.okm.org.pl\/index.php?rest_route=\/wp\/v2\/posts\/15180\/revisions\/15184"}],"wp:featuredmedia":[{"embeddable":true,"href":"https:\/\/www.okm.org.pl\/index.php?rest_route=\/wp\/v2\/media\/15181"}],"wp:attachment":[{"href":"https:\/\/www.okm.org.pl\/index.php?rest_route=%2Fwp%2Fv2%2Fmedia&parent=15180"}],"wp:term":[{"taxonomy":"category","embeddable":true,"href":"https:\/\/www.okm.org.pl\/index.php?rest_route=%2Fwp%2Fv2%2Fcategories&post=15180"},{"taxonomy":"post_tag","embeddable":true,"href":"https:\/\/www.okm.org.pl\/index.php?rest_route=%2Fwp%2Fv2%2Ftags&post=15180"}],"curies":[{"name":"wp","href":"https:\/\/api.w.org\/{rel}","templated":true}]}}