{"id":15147,"date":"2024-07-15T21:24:55","date_gmt":"2024-07-15T20:24:55","guid":{"rendered":"http:\/\/www.okm.org.pl\/?p=15147"},"modified":"2024-07-15T21:45:03","modified_gmt":"2024-07-15T20:45:03","slug":"klasyki-na-szlaku-swietej-warmii-2","status":"publish","type":"post","link":"https:\/\/www.okm.org.pl\/?p=15147","title":{"rendered":"Klasyki na Szlaku \u015awi\u0119tej Warmii"},"content":{"rendered":"<p>Wzorem ubieg\u0142orocznej sympatycznej wyprawy na Frombork, powielamy pomys\u0142, ale z nowymi atrakcjami &#8211; Klasyki na Szlaku \u015awi\u0119tej Warmii.<!--more--><\/p>\n<p>Wyprawa do Fromborka ju\u017c w najbli\u017csz\u0105 sobot\u0119 20 lipca. W planach mamy m.in. przeja\u017cd\u017ck\u0119 drezyn\u0105 oraz nocne zwiedzanie katedry (niedost\u0119pne dla zwyk\u0142ych turyst\u00f3w), w kt\u00f3rej wiele lat sp\u0119dzi\u0142 Miko\u0142aj Kopernik.<\/p>\n<p><a href=\"https:\/\/www.okm.org.pl\/wp-content\/uploads\/2024\/07\/450389995_489375526975100_5563313948336939112_n.jpg\" target=\"_blank\" rel=\"noopener\"><img loading=\"lazy\" decoding=\"async\" class=\"alignleft wp-image-15155 size-thumbnail\" src=\"https:\/\/www.okm.org.pl\/wp-content\/uploads\/2024\/07\/450389995_489375526975100_5563313948336939112_n-150x150.jpg\" alt=\"\" width=\"150\" height=\"150\" srcset=\"https:\/\/www.okm.org.pl\/wp-content\/uploads\/2024\/07\/450389995_489375526975100_5563313948336939112_n-150x150.jpg 150w, https:\/\/www.okm.org.pl\/wp-content\/uploads\/2024\/07\/450389995_489375526975100_5563313948336939112_n-50x50.jpg 50w\" sizes=\"auto, (max-width: 150px) 100vw, 150px\" \/><\/a><\/p>\n<p>Drugiego dnia, czyli w niedziel\u0119 21 lipca, widzimy si\u0119 w Kro\u015bnie ko\u0142o Ornety na III Kro\u015bnie\u0144skim Zlocie Aut Zabytkowych przy Sanktuarium Maryjnym. Zlot rozpocznie si\u0119 o godz. 11, a o godz. 12 msza \u015bwi\u0119ta w intencji bezpiecznego sezonu za kierownic\u0105, po\u0142\u0105czona z dniem \u015bw. Krzysztofa, patrona kierowc\u00f3w. Po mszy jest \u015bwi\u0119cenie samochod\u00f3w, a potem parada do Ornety i z powrotem. Uczestnicy w klasykach maj\u0105 zaproszenie na pocz\u0119stunek na stoisku ko\u0142a gospody\u0144 wiejskich &#8222;Ach te baby&#8221;.&nbsp;&nbsp;<\/p>\n<p>&nbsp;<\/p>\n<p>Oto szczeg\u00f3\u0142y informacji dla ch\u0119tnych na wyj\u0105tkow\u0105 eskapad\u0119 do Fromborka.<\/p>\n<div>8:50 &#8211; zbi\u00f3rka na parkingu przy Lidlu przed Dywitami<\/div>\n<div>9:00 &#8211; ruszamy przez Dobre Miasto, Ornet\u0119, M\u0142ynary do Kadyn<\/div>\n<div>Zwiedzamy Kadyny, potem Tolkmicko.<\/div>\n<div>Trasa jest zbli\u017cona do tej, kt\u00f3r\u0105 pokona\u0142 Melchior Wa\u0144kowicz i opisa\u0142 w kultowej powie\u015bci &#8222;Na tropach Sm\u0119tka&#8221;. A temat Wa\u0144kowicza chcemy tym bardziej przybli\u017cy\u0107, bo 2024 jest rokiem w\u0142a\u015bnie tego\u017c reportera.<\/div>\n<div>15:00 &#8211; otwarcie wystawy &#8222;Na tropach Wa\u0144kowicza&#8221;<\/div>\n<div>17:00 &#8211; 19:00 &#8211; wyprawa drezynami do \u015awi\u0119tego Kamienia<\/div>\n<div>21:00 &#8211; ogl\u0105danie zachodu s\u0142o\u0144ca z Wie\u017cy Kopernika<\/div>\n<div>Potem wydarzenie zwi\u0105zane z rocznic\u0105 stani\u0119cia pierwszego cz\u0142owieka na Ksi\u0119\u017cycu<\/div>\n<div>Nast\u0119pnie nocne zwiedzanie Katedry we Fromborku.<\/div>\n<div>&nbsp;<\/div>\n<div>Osoby ch\u0119tne, chc\u0105ce wzi\u0105\u0107 udzia\u0142 w wyprawie drezynami prosimy o kontakt z Krzy\u015bkiem Tanajewskim nr tel 602324869 w celu wcze\u015bniejszej rezerwacji drezyn.<a href=\"https:\/\/www.okm.org.pl\/wp-content\/uploads\/2024\/07\/Mapka-2.jpg\" target=\"_blank\" rel=\"noopener\"><br \/>\n<img loading=\"lazy\" decoding=\"async\" class=\"aligncenter wp-image-15148 size-medium\" src=\"https:\/\/www.okm.org.pl\/wp-content\/uploads\/2024\/07\/Mapka-2-300x212.jpg\" alt=\"\" width=\"300\" height=\"212\" srcset=\"https:\/\/www.okm.org.pl\/wp-content\/uploads\/2024\/07\/Mapka-2-300x212.jpg 300w, https:\/\/www.okm.org.pl\/wp-content\/uploads\/2024\/07\/Mapka-2-768x543.jpg 768w, https:\/\/www.okm.org.pl\/wp-content\/uploads\/2024\/07\/Mapka-2-1024x724.jpg 1024w\" sizes=\"auto, (max-width: 300px) 100vw, 300px\" \/><\/a><a href=\"https:\/\/www.okm.org.pl\/wp-content\/uploads\/2024\/07\/Mapka-1.jpg\" target=\"_blank\" rel=\"noopener\"><img loading=\"lazy\" decoding=\"async\" class=\"aligncenter wp-image-15149 size-medium\" src=\"https:\/\/www.okm.org.pl\/wp-content\/uploads\/2024\/07\/Mapka-1-300x212.jpg\" alt=\"\" width=\"300\" height=\"212\" srcset=\"https:\/\/www.okm.org.pl\/wp-content\/uploads\/2024\/07\/Mapka-1-300x212.jpg 300w, https:\/\/www.okm.org.pl\/wp-content\/uploads\/2024\/07\/Mapka-1-768x543.jpg 768w, https:\/\/www.okm.org.pl\/wp-content\/uploads\/2024\/07\/Mapka-1-1024x724.jpg 1024w\" sizes=\"auto, (max-width: 300px) 100vw, 300px\" \/><\/a><\/div>\n<div>&nbsp;<\/div>\n","protected":false},"excerpt":{"rendered":"<p>Wzorem ubieg\u0142orocznej sympatycznej wyprawy na Frombork, powielamy pomys\u0142, ale z nowymi atrakcjami &#8211; Klasyki na Szlaku \u015awi\u0119tej Warmii.<\/p>\n","protected":false},"author":1,"featured_media":15150,"comment_status":"closed","ping_status":"closed","sticky":false,"template":"","format":"standard","meta":{"ngg_post_thumbnail":0,"footnotes":""},"categories":[2],"tags":[],"class_list":["post-15147","post","type-post","status-publish","format-standard","has-post-thumbnail","hentry","category-aktualnosci"],"_links":{"self":[{"href":"https:\/\/www.okm.org.pl\/index.php?rest_route=\/wp\/v2\/posts\/15147","targetHints":{"allow":["GET"]}}],"collection":[{"href":"https:\/\/www.okm.org.pl\/index.php?rest_route=\/wp\/v2\/posts"}],"about":[{"href":"https:\/\/www.okm.org.pl\/index.php?rest_route=\/wp\/v2\/types\/post"}],"author":[{"embeddable":true,"href":"https:\/\/www.okm.org.pl\/index.php?rest_route=\/wp\/v2\/users\/1"}],"replies":[{"embeddable":true,"href":"https:\/\/www.okm.org.pl\/index.php?rest_route=%2Fwp%2Fv2%2Fcomments&post=15147"}],"version-history":[{"count":6,"href":"https:\/\/www.okm.org.pl\/index.php?rest_route=\/wp\/v2\/posts\/15147\/revisions"}],"predecessor-version":[{"id":15157,"href":"https:\/\/www.okm.org.pl\/index.php?rest_route=\/wp\/v2\/posts\/15147\/revisions\/15157"}],"wp:featuredmedia":[{"embeddable":true,"href":"https:\/\/www.okm.org.pl\/index.php?rest_route=\/wp\/v2\/media\/15150"}],"wp:attachment":[{"href":"https:\/\/www.okm.org.pl\/index.php?rest_route=%2Fwp%2Fv2%2Fmedia&parent=15147"}],"wp:term":[{"taxonomy":"category","embeddable":true,"href":"https:\/\/www.okm.org.pl\/index.php?rest_route=%2Fwp%2Fv2%2Fcategories&post=15147"},{"taxonomy":"post_tag","embeddable":true,"href":"https:\/\/www.okm.org.pl\/index.php?rest_route=%2Fwp%2Fv2%2Ftags&post=15147"}],"curies":[{"name":"wp","href":"https:\/\/api.w.org\/{rel}","templated":true}]}}