{"id":15135,"date":"2024-06-24T20:14:13","date_gmt":"2024-06-24T19:14:13","guid":{"rendered":"http:\/\/www.okm.org.pl\/?p=15135"},"modified":"2024-06-24T20:14:13","modified_gmt":"2024-06-24T19:14:13","slug":"wakacje-na-starowce","status":"publish","type":"post","link":"https:\/\/www.okm.org.pl\/?p=15135","title":{"rendered":"Wakacje na star\u00f3wce"},"content":{"rendered":"<p>Mi\u0142o nam poinformowa\u0107, \u017ce wzorem ubieg\u0142ych lat, r\u00f3wnie\u017c w tym sezonie letnim otrzymali\u015bmy zgod\u0119 na pi\u0119\u0107 \u015brodowych spotka\u0144 z zabytkowymi samochodami na olszty\u0144skiej star\u00f3wce.<!--more--><span id=\"m_4103295386827701813more-14945\"><\/span><\/p>\n<p>Mamy zatem regulamin, kt\u00f3ry &#8211; mamy nadziej\u0119 &#8211; b\u0119dziemy szanowa\u0107, by cieszy\u0107 si\u0119 kolejnymi spotkaniami na star\u00f3wce. Chcemy bowiem zachowa\u0107 zasady, co do kt\u00f3rych zobligowali\u015bmy si\u0119 sk\u0142adaj\u0105c do ZDZiT wniosek o zgod\u0119 na organizacj\u0119 spotka\u0144.&nbsp;<\/p>\n<p>Dlatego: nie mo\u017cemy parali\u017cowa\u0107 star\u00f3wki, zastawia\u0107 chodnik\u00f3w i ci\u0105g\u00f3w komunikacyjnych, ha\u0142asowa\u0107 silnikami, ale te\u017c \u2013 co wa\u017cne \u2013 dla atrakcyjno\u015bci samej wystawy, chcemy, by na star\u00f3wce prezentowane by\u0142y samochody zabytkowe, kt\u00f3rymi zbyt m\u0142ode youngtimery (np. 25-letnie) jeszcze nie s\u0105, chyba \u017ce s\u0105 unikatowymi, niszowymi pojazdami (np. Subaru SVX, BMW serii 8).&nbsp;Zatem zapraszamy pojazdy zabytkowe, kolekcjonerskie, zachowane w odpowiedniej estetyce i wzbudzaj\u0105ce zainteresowanie.<\/p>\n<p><strong>Regulamin uczestnictwa w \u015brodowych spotkaniach OKM na olszty\u0144skiej star\u00f3wce<\/strong><\/p>\n<p><strong>pkt. 1.<\/strong>&nbsp;Organizatorem spotka\u0144 jest Olszty\u0144ski Klub Motorowy im. Mariana Bublewicza.<\/p>\n<p><strong>pkt. 2.<\/strong>&nbsp;Spotkania odbywaj\u0105 si\u0119 w godz. 18.00-20.00 w wyznaczone \u015brody 2024 roku:<br \/>\n\u2013 26 czerwca<br \/>\n\u2013 10 i 24 lipca<br \/>\n\u2013 7 i 21 sierpnia<\/p>\n<p><strong>pkt. 3<\/strong>. W spotkaniach mo\u017ce uczestniczy\u0107 maksymalnie 30 pojazd\u00f3w. Organizator mo\u017ce odm\u00f3wi\u0107 uczestnictwa, je\u015bli liczba samochod\u00f3w przekroczy za\u0142o\u017cony limit.<\/p>\n<p><strong>pkt. 4<\/strong>. Pojazd uczestnicz\u0105cy w spotkaniu powinien mie\u0107 w\u0142o\u017cony za szyb\u0119 identyfikator otrzymany od organizatora na wje\u017adzie.<\/p>\n<p><strong>pkt. 5.<\/strong>&nbsp;Zgodnie z otrzymanym ze ZDZiT zezwoleniem, spotkanie przewidziane jest dla samochod\u00f3w ZABYTKOWYCH. Organizator mo\u017ce odm\u00f3wi\u0107 uczestnictwa w spotkaniu pojazdom, kt\u00f3re s\u0105 zbyt wsp\u00f3\u0142czesne i nie nosz\u0105 znamion pojazdu kolekcjonerskiego.<\/p>\n<p><strong>Pkt. 6<\/strong>. Pojazdy nie mog\u0105 by\u0107 zaparkowane w miejscach, kt\u00f3re blokuj\u0105 ci\u0105gi komunikacyjne pieszych oraz dost\u0119p do ogr\u00f3dk\u00f3w przy lokalach.<\/p>\n<p><strong>Pkt. 7<\/strong>. Podczas spotkania silniki pojazd\u00f3w musz\u0105 by\u0107 wy\u0142\u0105czone. Niedopuszczalne jest wprowadzanie silnik\u00f3w na obroty i ha\u0142asowanie nimi.<\/p>\n<p><strong>Pkt. 8<\/strong>. Pojazdy, z kt\u00f3rych podczas postoju wycieka olej, powinny mie\u0107 pod\u0142o\u017cone pod silnikiem zabezpieczenie przez pozostawieniem plam na brukowanym pod\u0142o\u017cu (np. karton).<\/p>\n","protected":false},"excerpt":{"rendered":"<p>Mi\u0142o nam poinformowa\u0107, \u017ce wzorem ubieg\u0142ych lat, r\u00f3wnie\u017c w tym sezonie letnim otrzymali\u015bmy zgod\u0119 na pi\u0119\u0107 \u015brodowych spotka\u0144 z zabytkowymi samochodami na olszty\u0144skiej star\u00f3wce.<\/p>\n","protected":false},"author":1,"featured_media":15136,"comment_status":"closed","ping_status":"closed","sticky":false,"template":"","format":"standard","meta":{"ngg_post_thumbnail":0,"footnotes":""},"categories":[2],"tags":[],"class_list":["post-15135","post","type-post","status-publish","format-standard","has-post-thumbnail","hentry","category-aktualnosci"],"_links":{"self":[{"href":"https:\/\/www.okm.org.pl\/index.php?rest_route=\/wp\/v2\/posts\/15135","targetHints":{"allow":["GET"]}}],"collection":[{"href":"https:\/\/www.okm.org.pl\/index.php?rest_route=\/wp\/v2\/posts"}],"about":[{"href":"https:\/\/www.okm.org.pl\/index.php?rest_route=\/wp\/v2\/types\/post"}],"author":[{"embeddable":true,"href":"https:\/\/www.okm.org.pl\/index.php?rest_route=\/wp\/v2\/users\/1"}],"replies":[{"embeddable":true,"href":"https:\/\/www.okm.org.pl\/index.php?rest_route=%2Fwp%2Fv2%2Fcomments&post=15135"}],"version-history":[{"count":1,"href":"https:\/\/www.okm.org.pl\/index.php?rest_route=\/wp\/v2\/posts\/15135\/revisions"}],"predecessor-version":[{"id":15137,"href":"https:\/\/www.okm.org.pl\/index.php?rest_route=\/wp\/v2\/posts\/15135\/revisions\/15137"}],"wp:featuredmedia":[{"embeddable":true,"href":"https:\/\/www.okm.org.pl\/index.php?rest_route=\/wp\/v2\/media\/15136"}],"wp:attachment":[{"href":"https:\/\/www.okm.org.pl\/index.php?rest_route=%2Fwp%2Fv2%2Fmedia&parent=15135"}],"wp:term":[{"taxonomy":"category","embeddable":true,"href":"https:\/\/www.okm.org.pl\/index.php?rest_route=%2Fwp%2Fv2%2Fcategories&post=15135"},{"taxonomy":"post_tag","embeddable":true,"href":"https:\/\/www.okm.org.pl\/index.php?rest_route=%2Fwp%2Fv2%2Ftags&post=15135"}],"curies":[{"name":"wp","href":"https:\/\/api.w.org\/{rel}","templated":true}]}}