{"id":1044,"date":"2017-06-28T20:03:24","date_gmt":"2017-06-28T19:03:24","guid":{"rendered":"http:\/\/www.okm.org.pl\/?p=1044"},"modified":"2017-06-28T20:21:05","modified_gmt":"2017-06-28T19:21:05","slug":"nasze-zalogi-na-slynnym-prologu","status":"publish","type":"post","link":"https:\/\/www.okm.org.pl\/?p=1044","title":{"rendered":"Nasze za\u0142ogi na s\u0142ynnym prologu"},"content":{"rendered":"<p>Nowa replika FSO Polonez Mariana Bublewicza na Olszty\u0144skim Stadionie OSIRu&#8230;<\/p>\n<p>&nbsp;<\/p>\n<p><!--more--><br \/>\nW sobot\u0119 24.06.2017 podczas prologu 20. Rajdu Warmi\u0144skiego wystartowali nasi zawodnicy: Marcin Derewo\u0144ko z Krzysztofem Chodkowskim w nowej replice Poloneza Mariana Bublewicza oraz Krzysztof Rudzki w Peugeot 106.<\/p>\n<div id=\"attachment_1046\" style=\"width: 710px\" class=\"wp-caption aligncenter\"><a href=\"https:\/\/www.okm.org.pl\/wp-content\/uploads\/2017\/06\/IMG_5407.jpg\"><img loading=\"lazy\" decoding=\"async\" aria-describedby=\"caption-attachment-1046\" class=\"wp-image-1046 size-large\" src=\"https:\/\/www.okm.org.pl\/wp-content\/uploads\/2017\/06\/IMG_5407-1024x576.jpg\" alt=\"\" width=\"700\" height=\"394\" srcset=\"https:\/\/www.okm.org.pl\/wp-content\/uploads\/2017\/06\/IMG_5407-1024x576.jpg 1024w, https:\/\/www.okm.org.pl\/wp-content\/uploads\/2017\/06\/IMG_5407-300x169.jpg 300w, https:\/\/www.okm.org.pl\/wp-content\/uploads\/2017\/06\/IMG_5407-768x432.jpg 768w, https:\/\/www.okm.org.pl\/wp-content\/uploads\/2017\/06\/IMG_5407-460x260.jpg 460w, https:\/\/www.okm.org.pl\/wp-content\/uploads\/2017\/06\/IMG_5407.jpg 2048w\" sizes=\"auto, (max-width: 700px) 100vw, 700px\" \/><\/a><p id=\"caption-attachment-1046\" class=\"wp-caption-text\">fot. ArturKusto.pl<\/p><\/div>\n<p>Troch\u0119 szczeg\u00f3\u0142\u00f3w. Powy\u017csza replika to FSO Polonez gr. A po przer\u00f3bkach silnika, barwy zespo\u0142u fabrycznego OBRSO. Takim modelem Marian Bublewicz startowa\u0142 w Rajdzie Akropolu.<\/p>\n<div id=\"attachment_1047\" style=\"width: 710px\" class=\"wp-caption aligncenter\"><a href=\"https:\/\/www.okm.org.pl\/wp-content\/uploads\/2017\/06\/IMG_5436.jpg\"><img loading=\"lazy\" decoding=\"async\" aria-describedby=\"caption-attachment-1047\" class=\"wp-image-1047 size-large\" src=\"https:\/\/www.okm.org.pl\/wp-content\/uploads\/2017\/06\/IMG_5436-1024x683.jpg\" alt=\"\" width=\"700\" height=\"467\" srcset=\"https:\/\/www.okm.org.pl\/wp-content\/uploads\/2017\/06\/IMG_5436-1024x683.jpg 1024w, https:\/\/www.okm.org.pl\/wp-content\/uploads\/2017\/06\/IMG_5436-300x200.jpg 300w, https:\/\/www.okm.org.pl\/wp-content\/uploads\/2017\/06\/IMG_5436-768x512.jpg 768w, https:\/\/www.okm.org.pl\/wp-content\/uploads\/2017\/06\/IMG_5436.jpg 2048w\" sizes=\"auto, (max-width: 700px) 100vw, 700px\" \/><\/a><p id=\"caption-attachment-1047\" class=\"wp-caption-text\">fot. ArturKusto.pl<\/p><\/div>\n<p>&nbsp;<\/p>\n<div id=\"attachment_1048\" style=\"width: 710px\" class=\"wp-caption alignnone\"><a href=\"https:\/\/www.okm.org.pl\/wp-content\/uploads\/2017\/06\/IMG_5478.jpg\"><img loading=\"lazy\" decoding=\"async\" aria-describedby=\"caption-attachment-1048\" class=\"wp-image-1048 size-large\" src=\"https:\/\/www.okm.org.pl\/wp-content\/uploads\/2017\/06\/IMG_5478-1024x683.jpg\" alt=\"\" width=\"700\" height=\"467\" srcset=\"https:\/\/www.okm.org.pl\/wp-content\/uploads\/2017\/06\/IMG_5478-1024x683.jpg 1024w, https:\/\/www.okm.org.pl\/wp-content\/uploads\/2017\/06\/IMG_5478-300x200.jpg 300w, https:\/\/www.okm.org.pl\/wp-content\/uploads\/2017\/06\/IMG_5478-768x512.jpg 768w, https:\/\/www.okm.org.pl\/wp-content\/uploads\/2017\/06\/IMG_5478.jpg 2048w\" sizes=\"auto, (max-width: 700px) 100vw, 700px\" \/><\/a><p id=\"caption-attachment-1048\" class=\"wp-caption-text\">fot. ArturKusto.pl<\/p><\/div>\n<p>Warto te\u017c wspomnie\u0107, \u017ce podczas prologu swoj\u0105 premier\u0119 mia\u0142a Mazda 323 w barwach Bublewicza z 1989 roku, za kierownic\u0105 kt\u00f3rej pojecha\u0142 Marcin Czopp.<\/p>\n","protected":false},"excerpt":{"rendered":"<p>Nowa replika FSO Polonez Mariana Bublewicza na Olszty\u0144skim Stadionie OSIRu&#8230; &nbsp;<\/p>\n","protected":false},"author":2,"featured_media":1054,"comment_status":"closed","ping_status":"closed","sticky":false,"template":"","format":"standard","meta":{"ngg_post_thumbnail":0,"footnotes":""},"categories":[2],"tags":[],"class_list":["post-1044","post","type-post","status-publish","format-standard","has-post-thumbnail","hentry","category-aktualnosci"],"_links":{"self":[{"href":"https:\/\/www.okm.org.pl\/index.php?rest_route=\/wp\/v2\/posts\/1044","targetHints":{"allow":["GET"]}}],"collection":[{"href":"https:\/\/www.okm.org.pl\/index.php?rest_route=\/wp\/v2\/posts"}],"about":[{"href":"https:\/\/www.okm.org.pl\/index.php?rest_route=\/wp\/v2\/types\/post"}],"author":[{"embeddable":true,"href":"https:\/\/www.okm.org.pl\/index.php?rest_route=\/wp\/v2\/users\/2"}],"replies":[{"embeddable":true,"href":"https:\/\/www.okm.org.pl\/index.php?rest_route=%2Fwp%2Fv2%2Fcomments&post=1044"}],"version-history":[{"count":7,"href":"https:\/\/www.okm.org.pl\/index.php?rest_route=\/wp\/v2\/posts\/1044\/revisions"}],"predecessor-version":[{"id":1056,"href":"https:\/\/www.okm.org.pl\/index.php?rest_route=\/wp\/v2\/posts\/1044\/revisions\/1056"}],"wp:featuredmedia":[{"embeddable":true,"href":"https:\/\/www.okm.org.pl\/index.php?rest_route=\/wp\/v2\/media\/1054"}],"wp:attachment":[{"href":"https:\/\/www.okm.org.pl\/index.php?rest_route=%2Fwp%2Fv2%2Fmedia&parent=1044"}],"wp:term":[{"taxonomy":"category","embeddable":true,"href":"https:\/\/www.okm.org.pl\/index.php?rest_route=%2Fwp%2Fv2%2Fcategories&post=1044"},{"taxonomy":"post_tag","embeddable":true,"href":"https:\/\/www.okm.org.pl\/index.php?rest_route=%2Fwp%2Fv2%2Ftags&post=1044"}],"curies":[{"name":"wp","href":"https:\/\/api.w.org\/{rel}","templated":true}]}}