{"id":1039,"date":"2017-06-08T17:19:00","date_gmt":"2017-06-08T16:19:00","guid":{"rendered":"http:\/\/www.okm.org.pl\/?p=1039"},"modified":"2017-06-08T17:19:00","modified_gmt":"2017-06-08T16:19:00","slug":"do-nidzicy-na-final-mistrzostw-polski","status":"publish","type":"post","link":"https:\/\/www.okm.org.pl\/?p=1039","title":{"rendered":"Do Nidzicy na fina\u0142 mistrzostw Polski"},"content":{"rendered":"<p>We wtorek 13 czerwca jedziemy do Nidzicy, gdzie zostali\u015bmy zaproszeni na jubileuszowy, 40. fina\u0142 Og\u00f3lnopolski Turnieju Bezpiecze\u0144stwa w Ruchu Drogowym. Impreza jest trzydniowa, uczestnikami jest m\u0142odzie\u017c szkolna z ca\u0142ej Polski<!--more-->. Drugiego dnia pojawimy si\u0119 naszymi autami w miasteczku ruchu drogowego przy Zespole Szk\u00f3\u0142 nr 3. B\u0119dzie tam spotkanie z lud\u017ami motorsportu: znany wszystkim wielokrotny uczestnik Dakaru Jacek Czachor, team rajdowy &#8211; wicemistrzowie Europy w Cross Country Marcin \u0141ukaszewski \/ Magdalena Duhanik oraz motocrossowiec Marcin Szanter. No i atrakcj\u0105 tego popo\u0142udnia b\u0119d\u0105 Pi\u0119kne Klasyki. Wspomo\u017ce nas kilku pasjonat\u00f3w z Nidzicy, kt\u00f3rzy posiadaj\u0105 ciekawe auta.<\/p>\n<p>Po zaprezentowaniu atrakcji, jeste\u015bmy zaproszeni na uczt\u0119 grillow\u0105 do o\u015brodka, w kt\u00f3rym zakwaterowani s\u0105 wszyscy go\u015bcie wydarzenia, do O\u015brodka Rewita Waplewo (Mar\u00f3z 2, gmina Olsztynek). Stamt\u0105d rozjedziemy si\u0119 wedle uznania (o\u015brodek jest 40 km od Olszyna).<\/p>\n<p>Jak umawiamy si\u0119 na wyjazd?<\/p>\n<p>Spotykamy si\u0119 we wtorek 13 czerwca o godz. 14.45 przy supermarkecie Intermarche na Jarotach (wylot na Butryny). Stamt\u0105d mamy pod miejsce imprezy 48,5 km (na wje\u017adzie do miasta).<\/p>\n<p>Do zobaczenia we wtorek!<\/p>\n","protected":false},"excerpt":{"rendered":"<p>We wtorek 13 czerwca jedziemy do Nidzicy, gdzie zostali\u015bmy zaproszeni na jubileuszowy, 40. fina\u0142 Og\u00f3lnopolski Turnieju Bezpiecze\u0144stwa w Ruchu Drogowym. Impreza jest trzydniowa, uczestnikami jest m\u0142odzie\u017c szkolna z ca\u0142ej Polski<\/p>\n","protected":false},"author":1,"featured_media":263,"comment_status":"closed","ping_status":"closed","sticky":false,"template":"","format":"standard","meta":{"ngg_post_thumbnail":0,"footnotes":""},"categories":[2],"tags":[],"class_list":["post-1039","post","type-post","status-publish","format-standard","has-post-thumbnail","hentry","category-aktualnosci"],"_links":{"self":[{"href":"https:\/\/www.okm.org.pl\/index.php?rest_route=\/wp\/v2\/posts\/1039","targetHints":{"allow":["GET"]}}],"collection":[{"href":"https:\/\/www.okm.org.pl\/index.php?rest_route=\/wp\/v2\/posts"}],"about":[{"href":"https:\/\/www.okm.org.pl\/index.php?rest_route=\/wp\/v2\/types\/post"}],"author":[{"embeddable":true,"href":"https:\/\/www.okm.org.pl\/index.php?rest_route=\/wp\/v2\/users\/1"}],"replies":[{"embeddable":true,"href":"https:\/\/www.okm.org.pl\/index.php?rest_route=%2Fwp%2Fv2%2Fcomments&post=1039"}],"version-history":[{"count":1,"href":"https:\/\/www.okm.org.pl\/index.php?rest_route=\/wp\/v2\/posts\/1039\/revisions"}],"predecessor-version":[{"id":1040,"href":"https:\/\/www.okm.org.pl\/index.php?rest_route=\/wp\/v2\/posts\/1039\/revisions\/1040"}],"wp:featuredmedia":[{"embeddable":true,"href":"https:\/\/www.okm.org.pl\/index.php?rest_route=\/wp\/v2\/media\/263"}],"wp:attachment":[{"href":"https:\/\/www.okm.org.pl\/index.php?rest_route=%2Fwp%2Fv2%2Fmedia&parent=1039"}],"wp:term":[{"taxonomy":"category","embeddable":true,"href":"https:\/\/www.okm.org.pl\/index.php?rest_route=%2Fwp%2Fv2%2Fcategories&post=1039"},{"taxonomy":"post_tag","embeddable":true,"href":"https:\/\/www.okm.org.pl\/index.php?rest_route=%2Fwp%2Fv2%2Ftags&post=1039"}],"curies":[{"name":"wp","href":"https:\/\/api.w.org\/{rel}","templated":true}]}}