{"id":1034,"date":"2017-06-03T21:24:44","date_gmt":"2017-06-03T20:24:44","guid":{"rendered":"http:\/\/www.okm.org.pl\/?p=1034"},"modified":"2017-06-03T21:25:29","modified_gmt":"2017-06-03T20:25:29","slug":"swietujemy-swiatowy-dzien-srodowiska","status":"publish","type":"post","link":"https:\/\/www.okm.org.pl\/?p=1034","title":{"rendered":"\u015awi\u0119tujemy \u015awiatowy Dzie\u0144 \u015arodowiska !"},"content":{"rendered":"<p><a href=\"https:\/\/www.okm.org.pl\/wp-content\/uploads\/2017\/06\/unnamedpzm.jpg\"><img loading=\"lazy\" decoding=\"async\" class=\"aligncenter size-full wp-image-1036\" src=\"https:\/\/www.okm.org.pl\/wp-content\/uploads\/2017\/06\/unnamedpzm.jpg\" alt=\"\" width=\"140\" height=\"105\" \/><\/a><strong><br \/>\n\u015awi\u0119tujemy \u015awiatowy Dzie\u0144 \u015arodowiska !<br \/>\n<\/strong>\u015awiatowy Dzie\u0144 \u015arodowiska obchodzony jest <strong>5\u00a0czerwca<\/strong> i jest najwi\u0119kszym i\u00a0najpopularniejszym dniem pozytywnych dzia\u0142a\u0144 na rzecz ochrony \u015brodowiska na ca\u0142ym \u015bwiecie.<br \/>\n<!--more--><br \/>\nW 2017 roku has\u0142o obchod\u00f3w \u015awiatowego Dnia \u015arodowiska brzmi: <strong>\u00a0Connecting People to Nature. Ludzie blisko natury. Jestem z natur\u0105!<\/strong><\/p>\n<p><strong>Ludzie zaanga\u017cowani w sporty motorowe mog\u0105 opowiedzie\u0107 o swoich pasjach zwi\u0105zanych z uprawianiem ulubionej dyscypliny z\u00a0poszanowaniem \u015brodowiska naturalnego. <\/strong><\/p>\n<p><strong>Zach\u0119camy do odpowiedzialnego uprawiania sport\u00f3w motorowych.\u00a0 <\/strong><\/p>\n<p>Ide\u0105 tego \u015bwi\u0119ta jest zwr\u00f3cenie uwagi na problemy zwi\u0105zane z\u00a0zanieczyszczeniem i ochron\u0105 \u015brodowiska naturalnego, podnoszenie \u015bwiadomo\u015bci ekologicznej, a tak\u017ce pobudzenie do aktywnej dzia\u0142alno\u015bci proekologicznej.<\/p>\n<p>Kluczowym elementem podczas naszych zawod\u00f3w jest <strong>ZR\u00d3WNOWA\u017bONY ROZW\u00d3J.<\/strong><\/p>\n<p><strong>Zr\u00f3wnowa\u017cony rozw\u00f3j jest to taki rozw\u00f3j, kt\u00f3ry zapewnia zaspokojenie potrzeb obecnych pokole\u0144, nie przekre\u015blaj\u0105c mo\u017cliwo\u015bci zaspokojenia potrzeb pokole\u0144 nast\u0119pnych<\/strong>.<\/p>\n<p>&nbsp;<\/p>\n<p>A zatem niezb\u0119dna jest zmiana naszych przyzwyczaje\u0144 i odnoszenia si\u0119 do organizacji zawod\u00f3w w sportach motorowych.<\/p>\n<p><strong>Poka\u017cmy, \u017ce nie jest nam oboj\u0119tne, w jakim \u015brodowisku uprawiamy nasz\u0105 ulubion\u0105 dyscyplin\u0119 sportu!<\/strong><\/p>\n<p><strong>\u015awiatowy Dzie\u0144 \u015arodowiska jest doskona\u0142\u0105 okazj\u0105 do rozejrzenia si\u0119 wok\u00f3\u0142 siebie i dostrze\u017cenia jaki pi\u0119kny jest \u015bwiat i jak wiele mo\u017cemy zrobi\u0107 w naszym otoczeniu, np. posadzi\u0107 drzewa, krzewy, kwiaty, urz\u0105dzi\u0107 sprz\u0105tanie naszego otoczenia, itp.\u00a0 <\/strong><\/p>\n<p><strong>Pami\u0119tajmy, dla dobrego rozwoju niezb\u0119dna jest harmonia mi\u0119dzy ludzko\u015bci\u0105 a natur\u0105.\u00a0 <\/strong><\/p>\n<p><strong>Zach\u0119camy organizator\u00f3w zawod\u00f3w, imprez motorowych\u00a0 &#8211; zw\u0142aszcza 5 czerwca<\/strong> \u2013 ale te\u017c w ca\u0142ym miesi\u0105cu do podejmowania i zg\u0142aszanie do Zespo\u0142u Ochrony \u015arodowiska PZM inicjatyw zwi\u0105zanych z ochron\u0105 \u015brodowiska.<\/p>\n<p>Zapro\u015bcie do wsp\u00f3\u0142pracy znanych ludzi, celebryt\u00f3w, kt\u00f3rzy zechc\u0105 wraz z Wami\u00a0 popularyzowa\u0107 idee poszanowania \u015brodowiska naturalnego.<\/p>\n<p>Troska o przyrod\u0119 to nie tylko wymierne korzy\u015bci dla \u015brodowiska, ale tak\u017ce dla portfela.\u00a0<strong>Oszcz\u0119dzaj\u0105c pr\u0105d, wod\u0119, oszcz\u0119dzasz swoje pieni\u0105dze.<\/strong><\/p>\n<p><strong>Pomy\u015blcie Pa\u0144stwo jak niewielkim wysi\u0142kiem\u00a0 mo\u017cemy du\u017co zdzia\u0142a\u0107, \u017ceby u\u015bwietni\u0107 nasze imprezy motorowe i nie niszczy\u0107 tego, co mamy. <\/strong><\/p>\n<p>My r\u00f3wnie\u017c \u2013 tak jak FIM &#8211;<\/p>\n<p><strong>\u00a0<a href=\"https:\/\/www.okm.org.pl\/wp-content\/uploads\/2017\/06\/unnamed.jpg\"><img loading=\"lazy\" decoding=\"async\" class=\"aligncenter wp-image-1035 size-full\" src=\"https:\/\/www.okm.org.pl\/wp-content\/uploads\/2017\/06\/unnamed.jpg\" alt=\"\" width=\"596\" height=\"326\" srcset=\"https:\/\/www.okm.org.pl\/wp-content\/uploads\/2017\/06\/unnamed.jpg 596w, https:\/\/www.okm.org.pl\/wp-content\/uploads\/2017\/06\/unnamed-300x164.jpg 300w\" sizes=\"auto, (max-width: 596px) 100vw, 596px\" \/><\/a><\/strong><\/p>\n<p><strong>Zesp\u00f3\u0142 Ochrony \u015arodowiska PZM prosi o przesy\u0142anie najlepszych zdj\u0119\u0107, selfie, wykonanych podczas uprawiania sport\u00f3w motorowych \u2013 <\/strong><strong>\u201eSporty motorowe w naturze\u201d.<br \/>\n<\/strong><strong>Zapraszamy na <a href=\"https:\/\/www.facebook.com\/PzmDbamOSrodowisko\/\" data-saferedirecturl=\"https:\/\/www.google.com\/url?hl=pl&amp;q=https:\/\/www.facebook.com\/PzmDbamOSrodowisko\/&amp;source=gmail&amp;ust=1496607612505000&amp;usg=AFQjCNHdjlxhlTVm5o1rqQhUYfgs22-MQw\">https:\/\/www.facebook.com\/PzmDbamOSrodowisko\/<\/a><\/strong><\/p>\n","protected":false},"excerpt":{"rendered":"<p>\u015awi\u0119tujemy \u015awiatowy Dzie\u0144 \u015arodowiska ! \u015awiatowy Dzie\u0144 \u015arodowiska obchodzony jest 5\u00a0czerwca i jest najwi\u0119kszym i\u00a0najpopularniejszym dniem pozytywnych dzia\u0142a\u0144 na rzecz ochrony \u015brodowiska na ca\u0142ym \u015bwiecie.<\/p>\n","protected":false},"author":1,"featured_media":1035,"comment_status":"closed","ping_status":"closed","sticky":false,"template":"","format":"standard","meta":{"ngg_post_thumbnail":0,"footnotes":""},"categories":[2],"tags":[],"class_list":["post-1034","post","type-post","status-publish","format-standard","has-post-thumbnail","hentry","category-aktualnosci"],"_links":{"self":[{"href":"https:\/\/www.okm.org.pl\/index.php?rest_route=\/wp\/v2\/posts\/1034","targetHints":{"allow":["GET"]}}],"collection":[{"href":"https:\/\/www.okm.org.pl\/index.php?rest_route=\/wp\/v2\/posts"}],"about":[{"href":"https:\/\/www.okm.org.pl\/index.php?rest_route=\/wp\/v2\/types\/post"}],"author":[{"embeddable":true,"href":"https:\/\/www.okm.org.pl\/index.php?rest_route=\/wp\/v2\/users\/1"}],"replies":[{"embeddable":true,"href":"https:\/\/www.okm.org.pl\/index.php?rest_route=%2Fwp%2Fv2%2Fcomments&post=1034"}],"version-history":[{"count":2,"href":"https:\/\/www.okm.org.pl\/index.php?rest_route=\/wp\/v2\/posts\/1034\/revisions"}],"predecessor-version":[{"id":1038,"href":"https:\/\/www.okm.org.pl\/index.php?rest_route=\/wp\/v2\/posts\/1034\/revisions\/1038"}],"wp:featuredmedia":[{"embeddable":true,"href":"https:\/\/www.okm.org.pl\/index.php?rest_route=\/wp\/v2\/media\/1035"}],"wp:attachment":[{"href":"https:\/\/www.okm.org.pl\/index.php?rest_route=%2Fwp%2Fv2%2Fmedia&parent=1034"}],"wp:term":[{"taxonomy":"category","embeddable":true,"href":"https:\/\/www.okm.org.pl\/index.php?rest_route=%2Fwp%2Fv2%2Fcategories&post=1034"},{"taxonomy":"post_tag","embeddable":true,"href":"https:\/\/www.okm.org.pl\/index.php?rest_route=%2Fwp%2Fv2%2Ftags&post=1034"}],"curies":[{"name":"wp","href":"https:\/\/api.w.org\/{rel}","templated":true}]}}